{"id":1321,"date":"2023-10-03T08:08:12","date_gmt":"2023-10-03T06:08:12","guid":{"rendered":"https:\/\/rozwojlokalny.jeleniagora.pl\/?p=1321"},"modified":"2023-10-20T08:18:07","modified_gmt":"2023-10-20T06:18:07","slug":"wizyta-przedstawicieli-islandzkiego-miasta","status":"publish","type":"post","link":"https:\/\/rozwojlokalny.jeleniagora.pl\/en\/wizyta-przedstawicieli-islandzkiego-miasta\/","title":{"rendered":"Visit of Representatives from the Icelandic City of Akureyri in Jelenia G\u00f3ra"},"content":{"rendered":"<p>From 28th September to 30, 2023, Jelenia G\u00f3ra was honoured to host a delegation from the Icelandic municipality of Akureyri, Jelenia G\u00f3ra's esteemed partner city in the \"Live, Reside, Work in Jelenia G\u00f3ra!\" project.<\/p>\n\n\n\n<p>During their stay, the guests from Akureyri actively participated in workshops covering various aspects of urban development:<\/p>\n\n\n\n<ul>\n<li>Digital Services for Residents: Exploring innovative approaches and advancements in providing digital services to enhance the resident experience.<\/li>\n\n\n\n<li>Geothermal Energy: A meeting held at Termy Cieplickie [Thermal Baths], delving into discussions on harnessing geothermal energy for sustainable practices.<\/li>\n\n\n\n<li>Ecological Urban Transportation: A meeting hosted at the headquarters of Miejski Zak\u0142ad Komunikacyjny (Municipal Transportation Company), focusing on eco-friendly urban transport solutions.<\/li>\n<\/ul>\n\n\n\n<p>Beyond the workshops, Mayor \u00c1sthildur Sturlud\u00f3ttir of Akureyri engaged in meaningful exchanges with Mayor Jerzy \u0141u\u017cniak of Jelenia G\u00f3ra. They shared valuable experiences in city management and the functioning of local government in Poland and Iceland.<\/p>\n\n\n\n<p>Guests from Iceland also had the delightful opportunity to explore Jelenia G\u00f3ra and partake in the festivities of the MOVI CITIES - Jelenia G\u00f3ra Festival of Light.<\/p>\n\n\n\n<p>The collaborative efforts initiated during this visit will persist, with working teams reconvening during the return visit to Akureyri in November of this year. Ongoing correspondence and online meetings will further strengthen the ties between our cities.<\/p>\n\n\n\n<figure class=\"wp-block-gallery has-nested-images columns-default is-cropped wp-block-gallery-1 is-layout-flex\">\n<figure class=\"wp-block-image size-large\"><a href=\"https:\/\/rozwojlokalny.jeleniagora.pl\/wp-content\/uploads\/2023\/10\/Akureyri-w-Jeleniej-Gorze-1-1.jpg\"><img decoding=\"async\" loading=\"lazy\" width=\"1024\" height=\"768\" data-id=\"1331\"  src=\"https:\/\/rozwojlokalny.jeleniagora.pl\/wp-content\/uploads\/2023\/10\/Akureyri-w-Jeleniej-Gorze-1-1-1024x768.jpg\" alt=\"\" class=\"wp-image-1331\" srcset=\"https:\/\/rozwojlokalny.jeleniagora.pl\/wp-content\/uploads\/2023\/10\/Akureyri-w-Jeleniej-Gorze-1-1-1024x768.jpg 1024w, https:\/\/rozwojlokalny.jeleniagora.pl\/wp-content\/uploads\/2023\/10\/Akureyri-w-Jeleniej-Gorze-1-1-300x225.jpg 300w, https:\/\/rozwojlokalny.jeleniagora.pl\/wp-content\/uploads\/2023\/10\/Akureyri-w-Jeleniej-Gorze-1-1-768x576.jpg 768w, https:\/\/rozwojlokalny.jeleniagora.pl\/wp-content\/uploads\/2023\/10\/Akureyri-w-Jeleniej-Gorze-1-1-1536x1152.jpg 1536w, https:\/\/rozwojlokalny.jeleniagora.pl\/wp-content\/uploads\/2023\/10\/Akureyri-w-Jeleniej-Gorze-1-1-16x12.jpg 16w, https:\/\/rozwojlokalny.jeleniagora.pl\/wp-content\/uploads\/2023\/10\/Akureyri-w-Jeleniej-Gorze-1-1.jpg 2048w\" sizes=\"(max-width: 1024px) 100vw, 1024px\" \/><\/a><\/figure>\n\n\n\n<figure class=\"wp-block-image size-large\"><a href=\"https:\/\/rozwojlokalny.jeleniagora.pl\/wp-content\/uploads\/2023\/10\/Akureyri-w-Jeleniej-Gorze-2.jpg\"><img decoding=\"async\" loading=\"lazy\" width=\"768\" height=\"1024\" data-id=\"1330\"  src=\"https:\/\/rozwojlokalny.jeleniagora.pl\/wp-content\/uploads\/2023\/10\/Akureyri-w-Jeleniej-Gorze-2-768x1024.jpg\" alt=\"\" class=\"wp-image-1330\" srcset=\"https:\/\/rozwojlokalny.jeleniagora.pl\/wp-content\/uploads\/2023\/10\/Akureyri-w-Jeleniej-Gorze-2-768x1024.jpg 768w, https:\/\/rozwojlokalny.jeleniagora.pl\/wp-content\/uploads\/2023\/10\/Akureyri-w-Jeleniej-Gorze-2-225x300.jpg 225w, https:\/\/rozwojlokalny.jeleniagora.pl\/wp-content\/uploads\/2023\/10\/Akureyri-w-Jeleniej-Gorze-2-1152x1536.jpg 1152w, https:\/\/rozwojlokalny.jeleniagora.pl\/wp-content\/uploads\/2023\/10\/Akureyri-w-Jeleniej-Gorze-2-9x12.jpg 9w, https:\/\/rozwojlokalny.jeleniagora.pl\/wp-content\/uploads\/2023\/10\/Akureyri-w-Jeleniej-Gorze-2.jpg 1536w\" sizes=\"(max-width: 768px) 100vw, 768px\" \/><\/a><\/figure>\n\n\n\n<figure class=\"wp-block-image size-large\"><a href=\"https:\/\/rozwojlokalny.jeleniagora.pl\/wp-content\/uploads\/2023\/10\/Akureyri-w-Jeleniej-Gorze-3.jpg\"><img decoding=\"async\" loading=\"lazy\" width=\"1024\" height=\"768\" data-id=\"1329\"  src=\"https:\/\/rozwojlokalny.jeleniagora.pl\/wp-content\/uploads\/2023\/10\/Akureyri-w-Jeleniej-Gorze-3-1024x768.jpg\" alt=\"\" class=\"wp-image-1329\" srcset=\"https:\/\/rozwojlokalny.jeleniagora.pl\/wp-content\/uploads\/2023\/10\/Akureyri-w-Jeleniej-Gorze-3-1024x768.jpg 1024w, https:\/\/rozwojlokalny.jeleniagora.pl\/wp-content\/uploads\/2023\/10\/Akureyri-w-Jeleniej-Gorze-3-300x225.jpg 300w, https:\/\/rozwojlokalny.jeleniagora.pl\/wp-content\/uploads\/2023\/10\/Akureyri-w-Jeleniej-Gorze-3-768x576.jpg 768w, https:\/\/rozwojlokalny.jeleniagora.pl\/wp-content\/uploads\/2023\/10\/Akureyri-w-Jeleniej-Gorze-3-1536x1152.jpg 1536w, https:\/\/rozwojlokalny.jeleniagora.pl\/wp-content\/uploads\/2023\/10\/Akureyri-w-Jeleniej-Gorze-3-16x12.jpg 16w, https:\/\/rozwojlokalny.jeleniagora.pl\/wp-content\/uploads\/2023\/10\/Akureyri-w-Jeleniej-Gorze-3.jpg 2048w\" sizes=\"(max-width: 1024px) 100vw, 1024px\" \/><\/a><\/figure>\n\n\n\n<figure class=\"wp-block-image size-large\"><a href=\"https:\/\/rozwojlokalny.jeleniagora.pl\/wp-content\/uploads\/2023\/10\/Akureyri-w-Jeleniej-Gorze-4.jpg\"><img decoding=\"async\" loading=\"lazy\" width=\"1024\" height=\"768\" data-id=\"1328\"  src=\"https:\/\/rozwojlokalny.jeleniagora.pl\/wp-content\/uploads\/2023\/10\/Akureyri-w-Jeleniej-Gorze-4-1024x768.jpg\" alt=\"\" class=\"wp-image-1328\" srcset=\"https:\/\/rozwojlokalny.jeleniagora.pl\/wp-content\/uploads\/2023\/10\/Akureyri-w-Jeleniej-Gorze-4-1024x768.jpg 1024w, https:\/\/rozwojlokalny.jeleniagora.pl\/wp-content\/uploads\/2023\/10\/Akureyri-w-Jeleniej-Gorze-4-300x225.jpg 300w, https:\/\/rozwojlokalny.jeleniagora.pl\/wp-content\/uploads\/2023\/10\/Akureyri-w-Jeleniej-Gorze-4-768x576.jpg 768w, https:\/\/rozwojlokalny.jeleniagora.pl\/wp-content\/uploads\/2023\/10\/Akureyri-w-Jeleniej-Gorze-4-1536x1152.jpg 1536w, https:\/\/rozwojlokalny.jeleniagora.pl\/wp-content\/uploads\/2023\/10\/Akureyri-w-Jeleniej-Gorze-4-16x12.jpg 16w, https:\/\/rozwojlokalny.jeleniagora.pl\/wp-content\/uploads\/2023\/10\/Akureyri-w-Jeleniej-Gorze-4.jpg 2048w\" sizes=\"(max-width: 1024px) 100vw, 1024px\" \/><\/a><\/figure>\n<\/figure>","protected":false},"excerpt":{"rendered":"<p>W dniach 28-30 wrze\u015bnia 2023 r. w Jeleniej G\u00f3rze go\u015bci\u0142a delegacja islandzkiej gminy Akureyri \u2013 miasta partnerskiego Jeleniej G\u00f3ry w projekcie \u201e\u017byj, mieszkaj, pracuj w Jeleniej G\u00f3rze!\u201d. Go\u015bcie z Akureyri wzi\u0119li udzia\u0142 w warsztatach dotycz\u0105cych: Ponadto Pani Prezydent Akureyri &#8211; \u00c1sthildur Sturlud\u00f3ttir wymieni\u0142a si\u0119 z Prezydentem Jeleniej G\u00f3ry Panem Jerzym \u0141u\u017cniakiem do\u015bwiadczeniami dotycz\u0105cymi zarz\u0105dzania miastem [&hellip;]<\/p>","protected":false},"author":1,"featured_media":1326,"comment_status":"closed","ping_status":"closed","sticky":false,"template":"","format":"standard","meta":{"_uag_custom_page_level_css":""},"categories":[16,18],"tags":[],"views":54,"uagb_featured_image_src":{"full":["https:\/\/rozwojlokalny.jeleniagora.pl\/wp-content\/uploads\/2023\/10\/Akureyri-w-Jeleniej-Gorze-1.jpg",2048,1536,false],"thumbnail":["https:\/\/rozwojlokalny.jeleniagora.pl\/wp-content\/uploads\/2023\/10\/Akureyri-w-Jeleniej-Gorze-1-150x150.jpg",150,150,true],"medium":["https:\/\/rozwojlokalny.jeleniagora.pl\/wp-content\/uploads\/2023\/10\/Akureyri-w-Jeleniej-Gorze-1-300x225.jpg",300,225,true],"medium_large":["https:\/\/rozwojlokalny.jeleniagora.pl\/wp-content\/uploads\/2023\/10\/Akureyri-w-Jeleniej-Gorze-1-768x576.jpg",768,576,true],"large":["https:\/\/rozwojlokalny.jeleniagora.pl\/wp-content\/uploads\/2023\/10\/Akureyri-w-Jeleniej-Gorze-1-1024x768.jpg",1024,768,true],"1536x1536":["https:\/\/rozwojlokalny.jeleniagora.pl\/wp-content\/uploads\/2023\/10\/Akureyri-w-Jeleniej-Gorze-1-1536x1152.jpg",1536,1152,true],"2048x2048":["https:\/\/rozwojlokalny.jeleniagora.pl\/wp-content\/uploads\/2023\/10\/Akureyri-w-Jeleniej-Gorze-1.jpg",2048,1536,false],"trp-custom-language-flag":["https:\/\/rozwojlokalny.jeleniagora.pl\/wp-content\/uploads\/2023\/10\/Akureyri-w-Jeleniej-Gorze-1-16x12.jpg",16,12,true]},"uagb_author_info":{"display_name":"Admin","author_link":"https:\/\/rozwojlokalny.jeleniagora.pl\/en\/author\/admin\/"},"uagb_comment_info":0,"uagb_excerpt":"W dniach 28-30 wrze\u015bnia 2023 r. w Jeleniej G\u00f3rze go\u015bci\u0142a delegacja islandzkiej gminy Akureyri \u2013 miasta partnerskiego Jeleniej G\u00f3ry w projekcie \u201e\u017byj, mieszkaj, pracuj w Jeleniej G\u00f3rze!\u201d. Go\u015bcie z Akureyri wzi\u0119li udzia\u0142 w warsztatach dotycz\u0105cych: Ponadto Pani Prezydent Akureyri &#8211; \u00c1sthildur Sturlud\u00f3ttir wymieni\u0142a si\u0119 z Prezydentem Jeleniej G\u00f3ry Panem Jerzym \u0141u\u017cniakiem do\u015bwiadczeniami dotycz\u0105cymi zarz\u0105dzania miastem&hellip;","_links":{"self":[{"href":"https:\/\/rozwojlokalny.jeleniagora.pl\/en\/wp-json\/wp\/v2\/posts\/1321"}],"collection":[{"href":"https:\/\/rozwojlokalny.jeleniagora.pl\/en\/wp-json\/wp\/v2\/posts"}],"about":[{"href":"https:\/\/rozwojlokalny.jeleniagora.pl\/en\/wp-json\/wp\/v2\/types\/post"}],"author":[{"embeddable":true,"href":"https:\/\/rozwojlokalny.jeleniagora.pl\/en\/wp-json\/wp\/v2\/users\/1"}],"replies":[{"embeddable":true,"href":"https:\/\/rozwojlokalny.jeleniagora.pl\/en\/wp-json\/wp\/v2\/comments?post=1321"}],"version-history":[{"count":3,"href":"https:\/\/rozwojlokalny.jeleniagora.pl\/en\/wp-json\/wp\/v2\/posts\/1321\/revisions"}],"predecessor-version":[{"id":1332,"href":"https:\/\/rozwojlokalny.jeleniagora.pl\/en\/wp-json\/wp\/v2\/posts\/1321\/revisions\/1332"}],"wp:featuredmedia":[{"embeddable":true,"href":"https:\/\/rozwojlokalny.jeleniagora.pl\/en\/wp-json\/wp\/v2\/media\/1326"}],"wp:attachment":[{"href":"https:\/\/rozwojlokalny.jeleniagora.pl\/en\/wp-json\/wp\/v2\/media?parent=1321"}],"wp:term":[{"taxonomy":"category","embeddable":true,"href":"https:\/\/rozwojlokalny.jeleniagora.pl\/en\/wp-json\/wp\/v2\/categories?post=1321"},{"taxonomy":"post_tag","embeddable":true,"href":"https:\/\/rozwojlokalny.jeleniagora.pl\/en\/wp-json\/wp\/v2\/tags?post=1321"}],"curies":[{"name":"wp","href":"https:\/\/api.w.org\/{rel}","templated":true}]}}