{"id":1333,"date":"2023-10-04T08:42:23","date_gmt":"2023-10-04T06:42:23","guid":{"rendered":"https:\/\/rozwojlokalny.jeleniagora.pl\/?p=1333"},"modified":"2023-12-07T20:24:07","modified_gmt":"2023-12-07T19:24:07","slug":"wizyta-mlodziezy-z-islandzkiego-akureyri-w-jeleniej-gorze","status":"publish","type":"post","link":"https:\/\/rozwojlokalny.jeleniagora.pl\/en\/wizyta-mlodziezy-z-islandzkiego-akureyri-w-jeleniej-gorze\/","title":{"rendered":"Visit of Young People from Akureyri, Iceland, to Jelenia G\u00f3ra"},"content":{"rendered":"<p>From 28th September to 2nd October, 2023, Jelenia G\u00f3ra warmly welcomed a group of 10 vibrant young individuals from the Icelandic city of Akureyri, accompanied by their guardians. This enriching visit was orchestrated as a crucial component of international collaboration within the framework of the \"Live, Reside, Work in Jelenia G\u00f3ra!\" project.<\/p>\n\n\n\n<p>The Icelandic youth, joined by Jelenia G\u00f3ra secondary school students who had previously visited Akureyri in June of the same year, engaged in a diverse range of activities, including:<\/p>\n\n\n\n<ul>\n<li>Social Workshops: Delving into discussions on the functioning of youth in social life, drawing comparisons between Poland and Iceland.<\/li>\n\n\n\n<li>Guided Tour of Jelenia G\u00f3ra: Exploring the historical and cultural facets of the city.<\/li>\n\n\n\n<li>Creative Workshops: Involving the creation of fusion jewellery and costumes, as well as choreography and music workshops.<\/li>\n\n\n\n<li>Nature Exploration: A visit to the Nature and Education Center of Karkonoski Park Narodowy at Pa\u0142ac Sobiesz\u00f3w.<\/li>\n\n\n\n<li>Culinary Experience: A hands-on cooking workshop at the Complex of Technical and Industrial Schools, focusing on the preparation of pierogi, a traditional Polish dumpling.<\/li>\n<\/ul>\n\n\n\n<p>The youth actively participated in the events of the 2nd edition of MOVI CITIES - Wonderland Jelenia G\u00f3ra Festival of Light, adding to the vibrancy of the cultural experience. Additionally, they collaborated to create a captivating music video \u2013 an invitation for all to enjoy.<\/p>\n\n\n\n<figure class=\"wp-block-embed is-type-video is-provider-youtube wp-block-embed-youtube wp-embed-aspect-16-9 wp-has-aspect-ratio\"><div class=\"wp-block-embed__wrapper\">\n<iframe loading=\"lazy\" title=\"ALL Stars - Teledysk Jelenia G\u00f3ra- Akureyri\" width=\"500\" height=\"281\" src=\"https:\/\/www.youtube.com\/embed\/Dqy7bhGZB9w?feature=oembed\" frameborder=\"0\" allow=\"accelerometer; autoplay; clipboard-write; encrypted-media; gyroscope; picture-in-picture; web-share\" allowfullscreen><\/iframe>\n<\/div><\/figure>\n\n\n\n<p>This enriching visit of young people from Iceland to Jelenia G\u00f3ra was expertly organized by the Jelenia G\u00f3ra Cultural Center.<\/p>\n\n\n\n<figure class=\"wp-block-gallery has-nested-images columns-default is-cropped wp-block-gallery-1 is-layout-flex\">\n<figure class=\"wp-block-image size-large\"><a href=\"https:\/\/rozwojlokalny.jeleniagora.pl\/wp-content\/uploads\/2023\/10\/mlodziez-z-Akureyri-w-Jeleniej-Gorze-1.jpg\"><img decoding=\"async\" loading=\"lazy\" width=\"1024\" height=\"567\" data-id=\"1337\"  src=\"https:\/\/rozwojlokalny.jeleniagora.pl\/wp-content\/uploads\/2023\/10\/mlodziez-z-Akureyri-w-Jeleniej-Gorze-1-1024x567.jpg\" alt=\"\" class=\"wp-image-1337\" srcset=\"https:\/\/rozwojlokalny.jeleniagora.pl\/wp-content\/uploads\/2023\/10\/mlodziez-z-Akureyri-w-Jeleniej-Gorze-1-1024x567.jpg 1024w, https:\/\/rozwojlokalny.jeleniagora.pl\/wp-content\/uploads\/2023\/10\/mlodziez-z-Akureyri-w-Jeleniej-Gorze-1-300x166.jpg 300w, https:\/\/rozwojlokalny.jeleniagora.pl\/wp-content\/uploads\/2023\/10\/mlodziez-z-Akureyri-w-Jeleniej-Gorze-1-768x425.jpg 768w, https:\/\/rozwojlokalny.jeleniagora.pl\/wp-content\/uploads\/2023\/10\/mlodziez-z-Akureyri-w-Jeleniej-Gorze-1-1536x851.jpg 1536w, https:\/\/rozwojlokalny.jeleniagora.pl\/wp-content\/uploads\/2023\/10\/mlodziez-z-Akureyri-w-Jeleniej-Gorze-1-18x10.jpg 18w, https:\/\/rozwojlokalny.jeleniagora.pl\/wp-content\/uploads\/2023\/10\/mlodziez-z-Akureyri-w-Jeleniej-Gorze-1.jpg 1600w\" sizes=\"(max-width: 1024px) 100vw, 1024px\" \/><\/a><\/figure>\n\n\n\n<figure class=\"wp-block-image size-large\"><a href=\"https:\/\/rozwojlokalny.jeleniagora.pl\/wp-content\/uploads\/2023\/10\/mlodziez-z-Akureyri-w-Jeleniej-Gorze-2-scaled.jpg\"><img decoding=\"async\" loading=\"lazy\" width=\"1024\" height=\"768\" data-id=\"1373\"  src=\"https:\/\/rozwojlokalny.jeleniagora.pl\/wp-content\/uploads\/2023\/10\/mlodziez-z-Akureyri-w-Jeleniej-Gorze-2-1024x768.jpg\" alt=\"\" class=\"wp-image-1373\" srcset=\"https:\/\/rozwojlokalny.jeleniagora.pl\/wp-content\/uploads\/2023\/10\/mlodziez-z-Akureyri-w-Jeleniej-Gorze-2-1024x768.jpg 1024w, https:\/\/rozwojlokalny.jeleniagora.pl\/wp-content\/uploads\/2023\/10\/mlodziez-z-Akureyri-w-Jeleniej-Gorze-2-300x225.jpg 300w, https:\/\/rozwojlokalny.jeleniagora.pl\/wp-content\/uploads\/2023\/10\/mlodziez-z-Akureyri-w-Jeleniej-Gorze-2-768x576.jpg 768w, https:\/\/rozwojlokalny.jeleniagora.pl\/wp-content\/uploads\/2023\/10\/mlodziez-z-Akureyri-w-Jeleniej-Gorze-2-1536x1152.jpg 1536w, https:\/\/rozwojlokalny.jeleniagora.pl\/wp-content\/uploads\/2023\/10\/mlodziez-z-Akureyri-w-Jeleniej-Gorze-2-2048x1536.jpg 2048w, https:\/\/rozwojlokalny.jeleniagora.pl\/wp-content\/uploads\/2023\/10\/mlodziez-z-Akureyri-w-Jeleniej-Gorze-2-16x12.jpg 16w\" sizes=\"(max-width: 1024px) 100vw, 1024px\" \/><\/a><\/figure>\n\n\n\n<figure class=\"wp-block-image size-large\"><a href=\"https:\/\/rozwojlokalny.jeleniagora.pl\/wp-content\/uploads\/2023\/10\/mlodziez-z-Akureyri-w-Jeleniej-Gorze-3-scaled.jpg\"><img decoding=\"async\" loading=\"lazy\" width=\"768\" height=\"1024\" data-id=\"1370\"  src=\"https:\/\/rozwojlokalny.jeleniagora.pl\/wp-content\/uploads\/2023\/10\/mlodziez-z-Akureyri-w-Jeleniej-Gorze-3-768x1024.jpg\" alt=\"\" class=\"wp-image-1370\" srcset=\"https:\/\/rozwojlokalny.jeleniagora.pl\/wp-content\/uploads\/2023\/10\/mlodziez-z-Akureyri-w-Jeleniej-Gorze-3-768x1024.jpg 768w, https:\/\/rozwojlokalny.jeleniagora.pl\/wp-content\/uploads\/2023\/10\/mlodziez-z-Akureyri-w-Jeleniej-Gorze-3-225x300.jpg 225w, https:\/\/rozwojlokalny.jeleniagora.pl\/wp-content\/uploads\/2023\/10\/mlodziez-z-Akureyri-w-Jeleniej-Gorze-3-1152x1536.jpg 1152w, https:\/\/rozwojlokalny.jeleniagora.pl\/wp-content\/uploads\/2023\/10\/mlodziez-z-Akureyri-w-Jeleniej-Gorze-3-1536x2048.jpg 1536w, https:\/\/rozwojlokalny.jeleniagora.pl\/wp-content\/uploads\/2023\/10\/mlodziez-z-Akureyri-w-Jeleniej-Gorze-3-9x12.jpg 9w, https:\/\/rozwojlokalny.jeleniagora.pl\/wp-content\/uploads\/2023\/10\/mlodziez-z-Akureyri-w-Jeleniej-Gorze-3-scaled.jpg 1920w\" sizes=\"(max-width: 768px) 100vw, 768px\" \/><\/a><\/figure>\n\n\n\n<figure class=\"wp-block-image size-large\"><a href=\"https:\/\/rozwojlokalny.jeleniagora.pl\/wp-content\/uploads\/2023\/10\/mlodziez-z-Akureyri-w-Jeleniej-Gorze-4-scaled.jpg\"><img decoding=\"async\" loading=\"lazy\" width=\"768\" height=\"1024\" data-id=\"1377\"  src=\"https:\/\/rozwojlokalny.jeleniagora.pl\/wp-content\/uploads\/2023\/10\/mlodziez-z-Akureyri-w-Jeleniej-Gorze-4-768x1024.jpg\" alt=\"\" class=\"wp-image-1377\" srcset=\"https:\/\/rozwojlokalny.jeleniagora.pl\/wp-content\/uploads\/2023\/10\/mlodziez-z-Akureyri-w-Jeleniej-Gorze-4-768x1024.jpg 768w, https:\/\/rozwojlokalny.jeleniagora.pl\/wp-content\/uploads\/2023\/10\/mlodziez-z-Akureyri-w-Jeleniej-Gorze-4-225x300.jpg 225w, https:\/\/rozwojlokalny.jeleniagora.pl\/wp-content\/uploads\/2023\/10\/mlodziez-z-Akureyri-w-Jeleniej-Gorze-4-1152x1536.jpg 1152w, https:\/\/rozwojlokalny.jeleniagora.pl\/wp-content\/uploads\/2023\/10\/mlodziez-z-Akureyri-w-Jeleniej-Gorze-4-1536x2048.jpg 1536w, https:\/\/rozwojlokalny.jeleniagora.pl\/wp-content\/uploads\/2023\/10\/mlodziez-z-Akureyri-w-Jeleniej-Gorze-4-9x12.jpg 9w, https:\/\/rozwojlokalny.jeleniagora.pl\/wp-content\/uploads\/2023\/10\/mlodziez-z-Akureyri-w-Jeleniej-Gorze-4-scaled.jpg 1920w\" sizes=\"(max-width: 768px) 100vw, 768px\" \/><\/a><\/figure>\n\n\n\n<figure class=\"wp-block-image size-large\"><a href=\"https:\/\/rozwojlokalny.jeleniagora.pl\/wp-content\/uploads\/2023\/10\/mlodziez-z-Akureyri-w-Jeleniej-Gorze-5-scaled.jpg\"><img decoding=\"async\" loading=\"lazy\" width=\"768\" height=\"1024\" data-id=\"1369\"  src=\"https:\/\/rozwojlokalny.jeleniagora.pl\/wp-content\/uploads\/2023\/10\/mlodziez-z-Akureyri-w-Jeleniej-Gorze-5-768x1024.jpg\" alt=\"\" class=\"wp-image-1369\" srcset=\"https:\/\/rozwojlokalny.jeleniagora.pl\/wp-content\/uploads\/2023\/10\/mlodziez-z-Akureyri-w-Jeleniej-Gorze-5-768x1024.jpg 768w, https:\/\/rozwojlokalny.jeleniagora.pl\/wp-content\/uploads\/2023\/10\/mlodziez-z-Akureyri-w-Jeleniej-Gorze-5-225x300.jpg 225w, https:\/\/rozwojlokalny.jeleniagora.pl\/wp-content\/uploads\/2023\/10\/mlodziez-z-Akureyri-w-Jeleniej-Gorze-5-1152x1536.jpg 1152w, https:\/\/rozwojlokalny.jeleniagora.pl\/wp-content\/uploads\/2023\/10\/mlodziez-z-Akureyri-w-Jeleniej-Gorze-5-1536x2048.jpg 1536w, https:\/\/rozwojlokalny.jeleniagora.pl\/wp-content\/uploads\/2023\/10\/mlodziez-z-Akureyri-w-Jeleniej-Gorze-5-9x12.jpg 9w, https:\/\/rozwojlokalny.jeleniagora.pl\/wp-content\/uploads\/2023\/10\/mlodziez-z-Akureyri-w-Jeleniej-Gorze-5-scaled.jpg 1920w\" sizes=\"(max-width: 768px) 100vw, 768px\" \/><\/a><\/figure>\n\n\n\n<figure class=\"wp-block-image size-large\"><a href=\"https:\/\/rozwojlokalny.jeleniagora.pl\/wp-content\/uploads\/2023\/10\/mlodziez-z-Akureyri-w-Jeleniej-Gorze-6-scaled.jpg\"><img decoding=\"async\" loading=\"lazy\" width=\"768\" height=\"1024\" data-id=\"1376\"  src=\"https:\/\/rozwojlokalny.jeleniagora.pl\/wp-content\/uploads\/2023\/10\/mlodziez-z-Akureyri-w-Jeleniej-Gorze-6-768x1024.jpg\" alt=\"\" class=\"wp-image-1376\" srcset=\"https:\/\/rozwojlokalny.jeleniagora.pl\/wp-content\/uploads\/2023\/10\/mlodziez-z-Akureyri-w-Jeleniej-Gorze-6-768x1024.jpg 768w, https:\/\/rozwojlokalny.jeleniagora.pl\/wp-content\/uploads\/2023\/10\/mlodziez-z-Akureyri-w-Jeleniej-Gorze-6-225x300.jpg 225w, https:\/\/rozwojlokalny.jeleniagora.pl\/wp-content\/uploads\/2023\/10\/mlodziez-z-Akureyri-w-Jeleniej-Gorze-6-1152x1536.jpg 1152w, https:\/\/rozwojlokalny.jeleniagora.pl\/wp-content\/uploads\/2023\/10\/mlodziez-z-Akureyri-w-Jeleniej-Gorze-6-1536x2048.jpg 1536w, https:\/\/rozwojlokalny.jeleniagora.pl\/wp-content\/uploads\/2023\/10\/mlodziez-z-Akureyri-w-Jeleniej-Gorze-6-9x12.jpg 9w, https:\/\/rozwojlokalny.jeleniagora.pl\/wp-content\/uploads\/2023\/10\/mlodziez-z-Akureyri-w-Jeleniej-Gorze-6-scaled.jpg 1920w\" sizes=\"(max-width: 768px) 100vw, 768px\" \/><\/a><\/figure>\n\n\n\n<figure class=\"wp-block-image size-large\"><a href=\"https:\/\/rozwojlokalny.jeleniagora.pl\/wp-content\/uploads\/2023\/10\/mlodziez-z-Akureyri-w-Jeleniej-Gorze-7-scaled.jpg\"><img decoding=\"async\" loading=\"lazy\" width=\"768\" height=\"1024\" data-id=\"1378\"  src=\"https:\/\/rozwojlokalny.jeleniagora.pl\/wp-content\/uploads\/2023\/10\/mlodziez-z-Akureyri-w-Jeleniej-Gorze-7-768x1024.jpg\" alt=\"\" class=\"wp-image-1378\" srcset=\"https:\/\/rozwojlokalny.jeleniagora.pl\/wp-content\/uploads\/2023\/10\/mlodziez-z-Akureyri-w-Jeleniej-Gorze-7-768x1024.jpg 768w, https:\/\/rozwojlokalny.jeleniagora.pl\/wp-content\/uploads\/2023\/10\/mlodziez-z-Akureyri-w-Jeleniej-Gorze-7-225x300.jpg 225w, https:\/\/rozwojlokalny.jeleniagora.pl\/wp-content\/uploads\/2023\/10\/mlodziez-z-Akureyri-w-Jeleniej-Gorze-7-1152x1536.jpg 1152w, https:\/\/rozwojlokalny.jeleniagora.pl\/wp-content\/uploads\/2023\/10\/mlodziez-z-Akureyri-w-Jeleniej-Gorze-7-1536x2048.jpg 1536w, https:\/\/rozwojlokalny.jeleniagora.pl\/wp-content\/uploads\/2023\/10\/mlodziez-z-Akureyri-w-Jeleniej-Gorze-7-9x12.jpg 9w, https:\/\/rozwojlokalny.jeleniagora.pl\/wp-content\/uploads\/2023\/10\/mlodziez-z-Akureyri-w-Jeleniej-Gorze-7-scaled.jpg 1920w\" sizes=\"(max-width: 768px) 100vw, 768px\" \/><\/a><\/figure>\n\n\n\n<figure class=\"wp-block-image size-large\"><a href=\"https:\/\/rozwojlokalny.jeleniagora.pl\/wp-content\/uploads\/2023\/10\/mlodziez-z-Akureyri-w-Jeleniej-Gorze-8-scaled.jpg\"><img decoding=\"async\" loading=\"lazy\" width=\"768\" height=\"1024\" data-id=\"1375\"  src=\"https:\/\/rozwojlokalny.jeleniagora.pl\/wp-content\/uploads\/2023\/10\/mlodziez-z-Akureyri-w-Jeleniej-Gorze-8-768x1024.jpg\" alt=\"\" class=\"wp-image-1375\" srcset=\"https:\/\/rozwojlokalny.jeleniagora.pl\/wp-content\/uploads\/2023\/10\/mlodziez-z-Akureyri-w-Jeleniej-Gorze-8-768x1024.jpg 768w, https:\/\/rozwojlokalny.jeleniagora.pl\/wp-content\/uploads\/2023\/10\/mlodziez-z-Akureyri-w-Jeleniej-Gorze-8-225x300.jpg 225w, https:\/\/rozwojlokalny.jeleniagora.pl\/wp-content\/uploads\/2023\/10\/mlodziez-z-Akureyri-w-Jeleniej-Gorze-8-1152x1536.jpg 1152w, https:\/\/rozwojlokalny.jeleniagora.pl\/wp-content\/uploads\/2023\/10\/mlodziez-z-Akureyri-w-Jeleniej-Gorze-8-1536x2048.jpg 1536w, https:\/\/rozwojlokalny.jeleniagora.pl\/wp-content\/uploads\/2023\/10\/mlodziez-z-Akureyri-w-Jeleniej-Gorze-8-9x12.jpg 9w, https:\/\/rozwojlokalny.jeleniagora.pl\/wp-content\/uploads\/2023\/10\/mlodziez-z-Akureyri-w-Jeleniej-Gorze-8-scaled.jpg 1920w\" sizes=\"(max-width: 768px) 100vw, 768px\" \/><\/a><\/figure>\n\n\n\n<figure class=\"wp-block-image size-large\"><a href=\"https:\/\/rozwojlokalny.jeleniagora.pl\/wp-content\/uploads\/2023\/10\/mlodziez-z-Akureyri-w-Jeleniej-Gorze-9-scaled.jpg\"><img decoding=\"async\" loading=\"lazy\" width=\"768\" height=\"1024\" data-id=\"1374\"  src=\"https:\/\/rozwojlokalny.jeleniagora.pl\/wp-content\/uploads\/2023\/10\/mlodziez-z-Akureyri-w-Jeleniej-Gorze-9-768x1024.jpg\" alt=\"\" class=\"wp-image-1374\" srcset=\"https:\/\/rozwojlokalny.jeleniagora.pl\/wp-content\/uploads\/2023\/10\/mlodziez-z-Akureyri-w-Jeleniej-Gorze-9-768x1024.jpg 768w, https:\/\/rozwojlokalny.jeleniagora.pl\/wp-content\/uploads\/2023\/10\/mlodziez-z-Akureyri-w-Jeleniej-Gorze-9-225x300.jpg 225w, https:\/\/rozwojlokalny.jeleniagora.pl\/wp-content\/uploads\/2023\/10\/mlodziez-z-Akureyri-w-Jeleniej-Gorze-9-1152x1536.jpg 1152w, https:\/\/rozwojlokalny.jeleniagora.pl\/wp-content\/uploads\/2023\/10\/mlodziez-z-Akureyri-w-Jeleniej-Gorze-9-1536x2048.jpg 1536w, https:\/\/rozwojlokalny.jeleniagora.pl\/wp-content\/uploads\/2023\/10\/mlodziez-z-Akureyri-w-Jeleniej-Gorze-9-9x12.jpg 9w, https:\/\/rozwojlokalny.jeleniagora.pl\/wp-content\/uploads\/2023\/10\/mlodziez-z-Akureyri-w-Jeleniej-Gorze-9-scaled.jpg 1920w\" sizes=\"(max-width: 768px) 100vw, 768px\" \/><\/a><\/figure>\n\n\n\n<figure class=\"wp-block-image size-large\"><a href=\"https:\/\/rozwojlokalny.jeleniagora.pl\/wp-content\/uploads\/2023\/10\/mlodziez-z-Akureyri-w-Jeleniej-Gorze-10-scaled.jpg\"><img decoding=\"async\" loading=\"lazy\" width=\"1024\" height=\"768\" data-id=\"1379\"  src=\"https:\/\/rozwojlokalny.jeleniagora.pl\/wp-content\/uploads\/2023\/10\/mlodziez-z-Akureyri-w-Jeleniej-Gorze-10-1024x768.jpg\" alt=\"\" class=\"wp-image-1379\" srcset=\"https:\/\/rozwojlokalny.jeleniagora.pl\/wp-content\/uploads\/2023\/10\/mlodziez-z-Akureyri-w-Jeleniej-Gorze-10-1024x768.jpg 1024w, https:\/\/rozwojlokalny.jeleniagora.pl\/wp-content\/uploads\/2023\/10\/mlodziez-z-Akureyri-w-Jeleniej-Gorze-10-300x225.jpg 300w, https:\/\/rozwojlokalny.jeleniagora.pl\/wp-content\/uploads\/2023\/10\/mlodziez-z-Akureyri-w-Jeleniej-Gorze-10-768x576.jpg 768w, https:\/\/rozwojlokalny.jeleniagora.pl\/wp-content\/uploads\/2023\/10\/mlodziez-z-Akureyri-w-Jeleniej-Gorze-10-1536x1152.jpg 1536w, https:\/\/rozwojlokalny.jeleniagora.pl\/wp-content\/uploads\/2023\/10\/mlodziez-z-Akureyri-w-Jeleniej-Gorze-10-2048x1536.jpg 2048w, https:\/\/rozwojlokalny.jeleniagora.pl\/wp-content\/uploads\/2023\/10\/mlodziez-z-Akureyri-w-Jeleniej-Gorze-10-16x12.jpg 16w\" sizes=\"(max-width: 1024px) 100vw, 1024px\" \/><\/a><\/figure>\n\n\n\n<figure class=\"wp-block-image size-large\"><a href=\"https:\/\/rozwojlokalny.jeleniagora.pl\/wp-content\/uploads\/2023\/10\/mlodziez-z-Akureyri-w-Jeleniej-Gorze-11-scaled.jpg\"><img decoding=\"async\" loading=\"lazy\" width=\"768\" height=\"1024\" data-id=\"1371\"  src=\"https:\/\/rozwojlokalny.jeleniagora.pl\/wp-content\/uploads\/2023\/10\/mlodziez-z-Akureyri-w-Jeleniej-Gorze-11-768x1024.jpg\" alt=\"\" class=\"wp-image-1371\" srcset=\"https:\/\/rozwojlokalny.jeleniagora.pl\/wp-content\/uploads\/2023\/10\/mlodziez-z-Akureyri-w-Jeleniej-Gorze-11-768x1024.jpg 768w, https:\/\/rozwojlokalny.jeleniagora.pl\/wp-content\/uploads\/2023\/10\/mlodziez-z-Akureyri-w-Jeleniej-Gorze-11-225x300.jpg 225w, https:\/\/rozwojlokalny.jeleniagora.pl\/wp-content\/uploads\/2023\/10\/mlodziez-z-Akureyri-w-Jeleniej-Gorze-11-1152x1536.jpg 1152w, https:\/\/rozwojlokalny.jeleniagora.pl\/wp-content\/uploads\/2023\/10\/mlodziez-z-Akureyri-w-Jeleniej-Gorze-11-1536x2048.jpg 1536w, https:\/\/rozwojlokalny.jeleniagora.pl\/wp-content\/uploads\/2023\/10\/mlodziez-z-Akureyri-w-Jeleniej-Gorze-11-9x12.jpg 9w, https:\/\/rozwojlokalny.jeleniagora.pl\/wp-content\/uploads\/2023\/10\/mlodziez-z-Akureyri-w-Jeleniej-Gorze-11-scaled.jpg 1920w\" sizes=\"(max-width: 768px) 100vw, 768px\" \/><\/a><\/figure>\n\n\n\n<figure class=\"wp-block-image size-large\"><a href=\"https:\/\/rozwojlokalny.jeleniagora.pl\/wp-content\/uploads\/2023\/10\/mlodziez-z-Akureyri-w-Jeleniej-Gorze-12-scaled.jpg\"><img decoding=\"async\" loading=\"lazy\" width=\"768\" height=\"1024\" data-id=\"1372\"  src=\"https:\/\/rozwojlokalny.jeleniagora.pl\/wp-content\/uploads\/2023\/10\/mlodziez-z-Akureyri-w-Jeleniej-Gorze-12-768x1024.jpg\" alt=\"\" class=\"wp-image-1372\" srcset=\"https:\/\/rozwojlokalny.jeleniagora.pl\/wp-content\/uploads\/2023\/10\/mlodziez-z-Akureyri-w-Jeleniej-Gorze-12-768x1024.jpg 768w, https:\/\/rozwojlokalny.jeleniagora.pl\/wp-content\/uploads\/2023\/10\/mlodziez-z-Akureyri-w-Jeleniej-Gorze-12-225x300.jpg 225w, https:\/\/rozwojlokalny.jeleniagora.pl\/wp-content\/uploads\/2023\/10\/mlodziez-z-Akureyri-w-Jeleniej-Gorze-12-1152x1536.jpg 1152w, https:\/\/rozwojlokalny.jeleniagora.pl\/wp-content\/uploads\/2023\/10\/mlodziez-z-Akureyri-w-Jeleniej-Gorze-12-1536x2048.jpg 1536w, https:\/\/rozwojlokalny.jeleniagora.pl\/wp-content\/uploads\/2023\/10\/mlodziez-z-Akureyri-w-Jeleniej-Gorze-12-9x12.jpg 9w, https:\/\/rozwojlokalny.jeleniagora.pl\/wp-content\/uploads\/2023\/10\/mlodziez-z-Akureyri-w-Jeleniej-Gorze-12-scaled.jpg 1920w\" sizes=\"(max-width: 768px) 100vw, 768px\" \/><\/a><\/figure>\n\n\n\n<figure class=\"wp-block-image size-large\"><a href=\"https:\/\/rozwojlokalny.jeleniagora.pl\/wp-content\/uploads\/2023\/10\/mlodziez-z-Akureyri-w-Jeleniej-Gorze-13.jpg\"><img decoding=\"async\" loading=\"lazy\" width=\"1024\" height=\"461\" data-id=\"1341\"  src=\"https:\/\/rozwojlokalny.jeleniagora.pl\/wp-content\/uploads\/2023\/10\/mlodziez-z-Akureyri-w-Jeleniej-Gorze-13-1024x461.jpg\" alt=\"\" class=\"wp-image-1341\" srcset=\"https:\/\/rozwojlokalny.jeleniagora.pl\/wp-content\/uploads\/2023\/10\/mlodziez-z-Akureyri-w-Jeleniej-Gorze-13-1024x461.jpg 1024w, https:\/\/rozwojlokalny.jeleniagora.pl\/wp-content\/uploads\/2023\/10\/mlodziez-z-Akureyri-w-Jeleniej-Gorze-13-300x135.jpg 300w, https:\/\/rozwojlokalny.jeleniagora.pl\/wp-content\/uploads\/2023\/10\/mlodziez-z-Akureyri-w-Jeleniej-Gorze-13-768x346.jpg 768w, https:\/\/rozwojlokalny.jeleniagora.pl\/wp-content\/uploads\/2023\/10\/mlodziez-z-Akureyri-w-Jeleniej-Gorze-13-1536x691.jpg 1536w, https:\/\/rozwojlokalny.jeleniagora.pl\/wp-content\/uploads\/2023\/10\/mlodziez-z-Akureyri-w-Jeleniej-Gorze-13-18x8.jpg 18w, https:\/\/rozwojlokalny.jeleniagora.pl\/wp-content\/uploads\/2023\/10\/mlodziez-z-Akureyri-w-Jeleniej-Gorze-13.jpg 1600w\" sizes=\"(max-width: 1024px) 100vw, 1024px\" \/><\/a><\/figure>\n\n\n\n<figure class=\"wp-block-image size-large\"><a href=\"https:\/\/rozwojlokalny.jeleniagora.pl\/wp-content\/uploads\/2023\/10\/mlodziez-z-Akureyri-w-Jeleniej-Gorze-14.jpg\"><img decoding=\"async\" loading=\"lazy\" width=\"1024\" height=\"461\" data-id=\"1355\"  src=\"https:\/\/rozwojlokalny.jeleniagora.pl\/wp-content\/uploads\/2023\/10\/mlodziez-z-Akureyri-w-Jeleniej-Gorze-14-1024x461.jpg\" alt=\"\" class=\"wp-image-1355\" srcset=\"https:\/\/rozwojlokalny.jeleniagora.pl\/wp-content\/uploads\/2023\/10\/mlodziez-z-Akureyri-w-Jeleniej-Gorze-14-1024x461.jpg 1024w, https:\/\/rozwojlokalny.jeleniagora.pl\/wp-content\/uploads\/2023\/10\/mlodziez-z-Akureyri-w-Jeleniej-Gorze-14-300x135.jpg 300w, https:\/\/rozwojlokalny.jeleniagora.pl\/wp-content\/uploads\/2023\/10\/mlodziez-z-Akureyri-w-Jeleniej-Gorze-14-768x346.jpg 768w, https:\/\/rozwojlokalny.jeleniagora.pl\/wp-content\/uploads\/2023\/10\/mlodziez-z-Akureyri-w-Jeleniej-Gorze-14-1536x691.jpg 1536w, https:\/\/rozwojlokalny.jeleniagora.pl\/wp-content\/uploads\/2023\/10\/mlodziez-z-Akureyri-w-Jeleniej-Gorze-14-18x8.jpg 18w, https:\/\/rozwojlokalny.jeleniagora.pl\/wp-content\/uploads\/2023\/10\/mlodziez-z-Akureyri-w-Jeleniej-Gorze-14.jpg 1600w\" sizes=\"(max-width: 1024px) 100vw, 1024px\" \/><\/a><\/figure>\n\n\n\n<figure class=\"wp-block-image size-large\"><a href=\"https:\/\/rozwojlokalny.jeleniagora.pl\/wp-content\/uploads\/2023\/10\/mlodziez-z-Akureyri-w-Jeleniej-Gorze-15.jpg\"><img decoding=\"async\" loading=\"lazy\" width=\"1024\" height=\"567\" data-id=\"1359\"  src=\"https:\/\/rozwojlokalny.jeleniagora.pl\/wp-content\/uploads\/2023\/10\/mlodziez-z-Akureyri-w-Jeleniej-Gorze-15-1024x567.jpg\" alt=\"\" class=\"wp-image-1359\" srcset=\"https:\/\/rozwojlokalny.jeleniagora.pl\/wp-content\/uploads\/2023\/10\/mlodziez-z-Akureyri-w-Jeleniej-Gorze-15-1024x567.jpg 1024w, https:\/\/rozwojlokalny.jeleniagora.pl\/wp-content\/uploads\/2023\/10\/mlodziez-z-Akureyri-w-Jeleniej-Gorze-15-300x166.jpg 300w, https:\/\/rozwojlokalny.jeleniagora.pl\/wp-content\/uploads\/2023\/10\/mlodziez-z-Akureyri-w-Jeleniej-Gorze-15-768x425.jpg 768w, https:\/\/rozwojlokalny.jeleniagora.pl\/wp-content\/uploads\/2023\/10\/mlodziez-z-Akureyri-w-Jeleniej-Gorze-15-1536x851.jpg 1536w, https:\/\/rozwojlokalny.jeleniagora.pl\/wp-content\/uploads\/2023\/10\/mlodziez-z-Akureyri-w-Jeleniej-Gorze-15-18x10.jpg 18w, https:\/\/rozwojlokalny.jeleniagora.pl\/wp-content\/uploads\/2023\/10\/mlodziez-z-Akureyri-w-Jeleniej-Gorze-15.jpg 1600w\" sizes=\"(max-width: 1024px) 100vw, 1024px\" \/><\/a><\/figure>\n\n\n\n<figure class=\"wp-block-image size-large\"><a href=\"https:\/\/rozwojlokalny.jeleniagora.pl\/wp-content\/uploads\/2023\/10\/mlodziez-z-Akureyri-w-Jeleniej-Gorze-16.jpg\"><img decoding=\"async\" loading=\"lazy\" width=\"596\" height=\"1024\" data-id=\"1342\"  src=\"https:\/\/rozwojlokalny.jeleniagora.pl\/wp-content\/uploads\/2023\/10\/mlodziez-z-Akureyri-w-Jeleniej-Gorze-16-596x1024.jpg\" alt=\"\" class=\"wp-image-1342\" srcset=\"https:\/\/rozwojlokalny.jeleniagora.pl\/wp-content\/uploads\/2023\/10\/mlodziez-z-Akureyri-w-Jeleniej-Gorze-16-596x1024.jpg 596w, https:\/\/rozwojlokalny.jeleniagora.pl\/wp-content\/uploads\/2023\/10\/mlodziez-z-Akureyri-w-Jeleniej-Gorze-16-175x300.jpg 175w, https:\/\/rozwojlokalny.jeleniagora.pl\/wp-content\/uploads\/2023\/10\/mlodziez-z-Akureyri-w-Jeleniej-Gorze-16-768x1319.jpg 768w, https:\/\/rozwojlokalny.jeleniagora.pl\/wp-content\/uploads\/2023\/10\/mlodziez-z-Akureyri-w-Jeleniej-Gorze-16-894x1536.jpg 894w, https:\/\/rozwojlokalny.jeleniagora.pl\/wp-content\/uploads\/2023\/10\/mlodziez-z-Akureyri-w-Jeleniej-Gorze-16-7x12.jpg 7w, https:\/\/rozwojlokalny.jeleniagora.pl\/wp-content\/uploads\/2023\/10\/mlodziez-z-Akureyri-w-Jeleniej-Gorze-16.jpg 900w\" sizes=\"(max-width: 596px) 100vw, 596px\" \/><\/a><\/figure>\n\n\n\n<figure class=\"wp-block-image size-large\"><a href=\"https:\/\/rozwojlokalny.jeleniagora.pl\/wp-content\/uploads\/2023\/10\/mlodziez-z-Akureyri-w-Jeleniej-Gorze-17.jpg\"><img decoding=\"async\" loading=\"lazy\" width=\"1024\" height=\"461\" data-id=\"1338\"  src=\"https:\/\/rozwojlokalny.jeleniagora.pl\/wp-content\/uploads\/2023\/10\/mlodziez-z-Akureyri-w-Jeleniej-Gorze-17-1024x461.jpg\" alt=\"\" class=\"wp-image-1338\" srcset=\"https:\/\/rozwojlokalny.jeleniagora.pl\/wp-content\/uploads\/2023\/10\/mlodziez-z-Akureyri-w-Jeleniej-Gorze-17-1024x461.jpg 1024w, https:\/\/rozwojlokalny.jeleniagora.pl\/wp-content\/uploads\/2023\/10\/mlodziez-z-Akureyri-w-Jeleniej-Gorze-17-300x135.jpg 300w, https:\/\/rozwojlokalny.jeleniagora.pl\/wp-content\/uploads\/2023\/10\/mlodziez-z-Akureyri-w-Jeleniej-Gorze-17-768x346.jpg 768w, https:\/\/rozwojlokalny.jeleniagora.pl\/wp-content\/uploads\/2023\/10\/mlodziez-z-Akureyri-w-Jeleniej-Gorze-17-1536x691.jpg 1536w, https:\/\/rozwojlokalny.jeleniagora.pl\/wp-content\/uploads\/2023\/10\/mlodziez-z-Akureyri-w-Jeleniej-Gorze-17-18x8.jpg 18w, https:\/\/rozwojlokalny.jeleniagora.pl\/wp-content\/uploads\/2023\/10\/mlodziez-z-Akureyri-w-Jeleniej-Gorze-17.jpg 1600w\" sizes=\"(max-width: 1024px) 100vw, 1024px\" \/><\/a><\/figure>\n\n\n\n<figure class=\"wp-block-image size-large\"><a href=\"https:\/\/rozwojlokalny.jeleniagora.pl\/wp-content\/uploads\/2023\/10\/mlodziez-z-Akureyri-w-Jeleniej-Gorze-18.jpg\"><img decoding=\"async\" loading=\"lazy\" width=\"1024\" height=\"889\" data-id=\"1357\"  src=\"https:\/\/rozwojlokalny.jeleniagora.pl\/wp-content\/uploads\/2023\/10\/mlodziez-z-Akureyri-w-Jeleniej-Gorze-18-1024x889.jpg\" alt=\"\" class=\"wp-image-1357\" srcset=\"https:\/\/rozwojlokalny.jeleniagora.pl\/wp-content\/uploads\/2023\/10\/mlodziez-z-Akureyri-w-Jeleniej-Gorze-18-1024x889.jpg 1024w, https:\/\/rozwojlokalny.jeleniagora.pl\/wp-content\/uploads\/2023\/10\/mlodziez-z-Akureyri-w-Jeleniej-Gorze-18-300x260.jpg 300w, https:\/\/rozwojlokalny.jeleniagora.pl\/wp-content\/uploads\/2023\/10\/mlodziez-z-Akureyri-w-Jeleniej-Gorze-18-768x667.jpg 768w, https:\/\/rozwojlokalny.jeleniagora.pl\/wp-content\/uploads\/2023\/10\/mlodziez-z-Akureyri-w-Jeleniej-Gorze-18-1536x1333.jpg 1536w, https:\/\/rozwojlokalny.jeleniagora.pl\/wp-content\/uploads\/2023\/10\/mlodziez-z-Akureyri-w-Jeleniej-Gorze-18-14x12.jpg 14w, https:\/\/rozwojlokalny.jeleniagora.pl\/wp-content\/uploads\/2023\/10\/mlodziez-z-Akureyri-w-Jeleniej-Gorze-18.jpg 1600w\" sizes=\"(max-width: 1024px) 100vw, 1024px\" \/><\/a><\/figure>\n\n\n\n<figure class=\"wp-block-image size-large\"><a href=\"https:\/\/rozwojlokalny.jeleniagora.pl\/wp-content\/uploads\/2023\/10\/mlodziez-z-Akureyri-w-Jeleniej-Gorze-19.jpg\"><img decoding=\"async\" loading=\"lazy\" width=\"461\" height=\"1024\" data-id=\"1351\"  src=\"https:\/\/rozwojlokalny.jeleniagora.pl\/wp-content\/uploads\/2023\/10\/mlodziez-z-Akureyri-w-Jeleniej-Gorze-19-461x1024.jpg\" alt=\"\" class=\"wp-image-1351\" srcset=\"https:\/\/rozwojlokalny.jeleniagora.pl\/wp-content\/uploads\/2023\/10\/mlodziez-z-Akureyri-w-Jeleniej-Gorze-19-461x1024.jpg 461w, https:\/\/rozwojlokalny.jeleniagora.pl\/wp-content\/uploads\/2023\/10\/mlodziez-z-Akureyri-w-Jeleniej-Gorze-19-135x300.jpg 135w, https:\/\/rozwojlokalny.jeleniagora.pl\/wp-content\/uploads\/2023\/10\/mlodziez-z-Akureyri-w-Jeleniej-Gorze-19-691x1536.jpg 691w, https:\/\/rozwojlokalny.jeleniagora.pl\/wp-content\/uploads\/2023\/10\/mlodziez-z-Akureyri-w-Jeleniej-Gorze-19-5x12.jpg 5w, https:\/\/rozwojlokalny.jeleniagora.pl\/wp-content\/uploads\/2023\/10\/mlodziez-z-Akureyri-w-Jeleniej-Gorze-19.jpg 720w\" sizes=\"(max-width: 461px) 100vw, 461px\" \/><\/a><\/figure>\n\n\n\n<figure class=\"wp-block-image size-large\"><a href=\"https:\/\/rozwojlokalny.jeleniagora.pl\/wp-content\/uploads\/2023\/10\/mlodziez-z-Akureyri-w-Jeleniej-Gorze-20.jpg\"><img decoding=\"async\" loading=\"lazy\" width=\"1024\" height=\"461\" data-id=\"1348\"  src=\"https:\/\/rozwojlokalny.jeleniagora.pl\/wp-content\/uploads\/2023\/10\/mlodziez-z-Akureyri-w-Jeleniej-Gorze-20-1024x461.jpg\" alt=\"\" class=\"wp-image-1348\" srcset=\"https:\/\/rozwojlokalny.jeleniagora.pl\/wp-content\/uploads\/2023\/10\/mlodziez-z-Akureyri-w-Jeleniej-Gorze-20-1024x461.jpg 1024w, https:\/\/rozwojlokalny.jeleniagora.pl\/wp-content\/uploads\/2023\/10\/mlodziez-z-Akureyri-w-Jeleniej-Gorze-20-300x135.jpg 300w, https:\/\/rozwojlokalny.jeleniagora.pl\/wp-content\/uploads\/2023\/10\/mlodziez-z-Akureyri-w-Jeleniej-Gorze-20-768x346.jpg 768w, https:\/\/rozwojlokalny.jeleniagora.pl\/wp-content\/uploads\/2023\/10\/mlodziez-z-Akureyri-w-Jeleniej-Gorze-20-1536x691.jpg 1536w, https:\/\/rozwojlokalny.jeleniagora.pl\/wp-content\/uploads\/2023\/10\/mlodziez-z-Akureyri-w-Jeleniej-Gorze-20-18x8.jpg 18w, https:\/\/rozwojlokalny.jeleniagora.pl\/wp-content\/uploads\/2023\/10\/mlodziez-z-Akureyri-w-Jeleniej-Gorze-20.jpg 1600w\" sizes=\"(max-width: 1024px) 100vw, 1024px\" \/><\/a><\/figure>\n\n\n\n<figure class=\"wp-block-image size-large\"><a href=\"https:\/\/rozwojlokalny.jeleniagora.pl\/wp-content\/uploads\/2023\/10\/mlodziez-z-Akureyri-w-Jeleniej-Gorze-21.jpg\"><img decoding=\"async\" loading=\"lazy\" width=\"461\" height=\"1024\" data-id=\"1364\"  src=\"https:\/\/rozwojlokalny.jeleniagora.pl\/wp-content\/uploads\/2023\/10\/mlodziez-z-Akureyri-w-Jeleniej-Gorze-21-461x1024.jpg\" alt=\"\" class=\"wp-image-1364\" srcset=\"https:\/\/rozwojlokalny.jeleniagora.pl\/wp-content\/uploads\/2023\/10\/mlodziez-z-Akureyri-w-Jeleniej-Gorze-21-461x1024.jpg 461w, https:\/\/rozwojlokalny.jeleniagora.pl\/wp-content\/uploads\/2023\/10\/mlodziez-z-Akureyri-w-Jeleniej-Gorze-21-135x300.jpg 135w, https:\/\/rozwojlokalny.jeleniagora.pl\/wp-content\/uploads\/2023\/10\/mlodziez-z-Akureyri-w-Jeleniej-Gorze-21-691x1536.jpg 691w, https:\/\/rozwojlokalny.jeleniagora.pl\/wp-content\/uploads\/2023\/10\/mlodziez-z-Akureyri-w-Jeleniej-Gorze-21-5x12.jpg 5w, https:\/\/rozwojlokalny.jeleniagora.pl\/wp-content\/uploads\/2023\/10\/mlodziez-z-Akureyri-w-Jeleniej-Gorze-21.jpg 720w\" sizes=\"(max-width: 461px) 100vw, 461px\" \/><\/a><\/figure>\n\n\n\n<figure class=\"wp-block-image size-large\"><a href=\"https:\/\/rozwojlokalny.jeleniagora.pl\/wp-content\/uploads\/2023\/10\/mlodziez-z-Akureyri-w-Jeleniej-Gorze-22.jpg\"><img decoding=\"async\" loading=\"lazy\" width=\"1024\" height=\"461\" data-id=\"1349\"  src=\"https:\/\/rozwojlokalny.jeleniagora.pl\/wp-content\/uploads\/2023\/10\/mlodziez-z-Akureyri-w-Jeleniej-Gorze-22-1024x461.jpg\" alt=\"\" class=\"wp-image-1349\" srcset=\"https:\/\/rozwojlokalny.jeleniagora.pl\/wp-content\/uploads\/2023\/10\/mlodziez-z-Akureyri-w-Jeleniej-Gorze-22-1024x461.jpg 1024w, https:\/\/rozwojlokalny.jeleniagora.pl\/wp-content\/uploads\/2023\/10\/mlodziez-z-Akureyri-w-Jeleniej-Gorze-22-300x135.jpg 300w, https:\/\/rozwojlokalny.jeleniagora.pl\/wp-content\/uploads\/2023\/10\/mlodziez-z-Akureyri-w-Jeleniej-Gorze-22-768x346.jpg 768w, https:\/\/rozwojlokalny.jeleniagora.pl\/wp-content\/uploads\/2023\/10\/mlodziez-z-Akureyri-w-Jeleniej-Gorze-22-1536x691.jpg 1536w, https:\/\/rozwojlokalny.jeleniagora.pl\/wp-content\/uploads\/2023\/10\/mlodziez-z-Akureyri-w-Jeleniej-Gorze-22-18x8.jpg 18w, https:\/\/rozwojlokalny.jeleniagora.pl\/wp-content\/uploads\/2023\/10\/mlodziez-z-Akureyri-w-Jeleniej-Gorze-22.jpg 1600w\" sizes=\"(max-width: 1024px) 100vw, 1024px\" \/><\/a><\/figure>\n\n\n\n<figure class=\"wp-block-image size-large\"><a href=\"https:\/\/rozwojlokalny.jeleniagora.pl\/wp-content\/uploads\/2023\/10\/mlodziez-z-Akureyri-w-Jeleniej-Gorze-23.jpg\"><img decoding=\"async\" loading=\"lazy\" width=\"1024\" height=\"461\" data-id=\"1365\"  src=\"https:\/\/rozwojlokalny.jeleniagora.pl\/wp-content\/uploads\/2023\/10\/mlodziez-z-Akureyri-w-Jeleniej-Gorze-23-1024x461.jpg\" alt=\"\" class=\"wp-image-1365\" srcset=\"https:\/\/rozwojlokalny.jeleniagora.pl\/wp-content\/uploads\/2023\/10\/mlodziez-z-Akureyri-w-Jeleniej-Gorze-23-1024x461.jpg 1024w, https:\/\/rozwojlokalny.jeleniagora.pl\/wp-content\/uploads\/2023\/10\/mlodziez-z-Akureyri-w-Jeleniej-Gorze-23-300x135.jpg 300w, https:\/\/rozwojlokalny.jeleniagora.pl\/wp-content\/uploads\/2023\/10\/mlodziez-z-Akureyri-w-Jeleniej-Gorze-23-768x346.jpg 768w, https:\/\/rozwojlokalny.jeleniagora.pl\/wp-content\/uploads\/2023\/10\/mlodziez-z-Akureyri-w-Jeleniej-Gorze-23-1536x691.jpg 1536w, https:\/\/rozwojlokalny.jeleniagora.pl\/wp-content\/uploads\/2023\/10\/mlodziez-z-Akureyri-w-Jeleniej-Gorze-23-18x8.jpg 18w, https:\/\/rozwojlokalny.jeleniagora.pl\/wp-content\/uploads\/2023\/10\/mlodziez-z-Akureyri-w-Jeleniej-Gorze-23.jpg 1600w\" sizes=\"(max-width: 1024px) 100vw, 1024px\" \/><\/a><\/figure>\n\n\n\n<figure class=\"wp-block-image size-large\"><a href=\"https:\/\/rozwojlokalny.jeleniagora.pl\/wp-content\/uploads\/2023\/10\/mlodziez-z-Akureyri-w-Jeleniej-Gorze-24.jpg\"><img decoding=\"async\" loading=\"lazy\" width=\"1024\" height=\"461\" data-id=\"1367\"  src=\"https:\/\/rozwojlokalny.jeleniagora.pl\/wp-content\/uploads\/2023\/10\/mlodziez-z-Akureyri-w-Jeleniej-Gorze-24-1024x461.jpg\" alt=\"\" class=\"wp-image-1367\" srcset=\"https:\/\/rozwojlokalny.jeleniagora.pl\/wp-content\/uploads\/2023\/10\/mlodziez-z-Akureyri-w-Jeleniej-Gorze-24-1024x461.jpg 1024w, https:\/\/rozwojlokalny.jeleniagora.pl\/wp-content\/uploads\/2023\/10\/mlodziez-z-Akureyri-w-Jeleniej-Gorze-24-300x135.jpg 300w, https:\/\/rozwojlokalny.jeleniagora.pl\/wp-content\/uploads\/2023\/10\/mlodziez-z-Akureyri-w-Jeleniej-Gorze-24-768x346.jpg 768w, https:\/\/rozwojlokalny.jeleniagora.pl\/wp-content\/uploads\/2023\/10\/mlodziez-z-Akureyri-w-Jeleniej-Gorze-24-1536x691.jpg 1536w, https:\/\/rozwojlokalny.jeleniagora.pl\/wp-content\/uploads\/2023\/10\/mlodziez-z-Akureyri-w-Jeleniej-Gorze-24-18x8.jpg 18w, https:\/\/rozwojlokalny.jeleniagora.pl\/wp-content\/uploads\/2023\/10\/mlodziez-z-Akureyri-w-Jeleniej-Gorze-24.jpg 1600w\" sizes=\"(max-width: 1024px) 100vw, 1024px\" \/><\/a><\/figure>\n\n\n\n<figure class=\"wp-block-image size-large\"><a href=\"https:\/\/rozwojlokalny.jeleniagora.pl\/wp-content\/uploads\/2023\/10\/mlodziez-z-Akureyri-w-Jeleniej-Gorze-25.jpg\"><img decoding=\"async\" loading=\"lazy\" width=\"1024\" height=\"461\" data-id=\"1362\"  src=\"https:\/\/rozwojlokalny.jeleniagora.pl\/wp-content\/uploads\/2023\/10\/mlodziez-z-Akureyri-w-Jeleniej-Gorze-25-1024x461.jpg\" alt=\"\" class=\"wp-image-1362\" srcset=\"https:\/\/rozwojlokalny.jeleniagora.pl\/wp-content\/uploads\/2023\/10\/mlodziez-z-Akureyri-w-Jeleniej-Gorze-25-1024x461.jpg 1024w, https:\/\/rozwojlokalny.jeleniagora.pl\/wp-content\/uploads\/2023\/10\/mlodziez-z-Akureyri-w-Jeleniej-Gorze-25-300x135.jpg 300w, https:\/\/rozwojlokalny.jeleniagora.pl\/wp-content\/uploads\/2023\/10\/mlodziez-z-Akureyri-w-Jeleniej-Gorze-25-768x346.jpg 768w, https:\/\/rozwojlokalny.jeleniagora.pl\/wp-content\/uploads\/2023\/10\/mlodziez-z-Akureyri-w-Jeleniej-Gorze-25-1536x691.jpg 1536w, https:\/\/rozwojlokalny.jeleniagora.pl\/wp-content\/uploads\/2023\/10\/mlodziez-z-Akureyri-w-Jeleniej-Gorze-25-18x8.jpg 18w, https:\/\/rozwojlokalny.jeleniagora.pl\/wp-content\/uploads\/2023\/10\/mlodziez-z-Akureyri-w-Jeleniej-Gorze-25.jpg 1600w\" sizes=\"(max-width: 1024px) 100vw, 1024px\" \/><\/a><\/figure>\n\n\n\n<figure class=\"wp-block-image size-large\"><a href=\"https:\/\/rozwojlokalny.jeleniagora.pl\/wp-content\/uploads\/2023\/10\/mlodziez-z-Akureyri-w-Jeleniej-Gorze-26.jpg\"><img decoding=\"async\" loading=\"lazy\" width=\"1024\" height=\"461\" data-id=\"1343\"  src=\"https:\/\/rozwojlokalny.jeleniagora.pl\/wp-content\/uploads\/2023\/10\/mlodziez-z-Akureyri-w-Jeleniej-Gorze-26-1024x461.jpg\" alt=\"\" class=\"wp-image-1343\" srcset=\"https:\/\/rozwojlokalny.jeleniagora.pl\/wp-content\/uploads\/2023\/10\/mlodziez-z-Akureyri-w-Jeleniej-Gorze-26-1024x461.jpg 1024w, https:\/\/rozwojlokalny.jeleniagora.pl\/wp-content\/uploads\/2023\/10\/mlodziez-z-Akureyri-w-Jeleniej-Gorze-26-300x135.jpg 300w, https:\/\/rozwojlokalny.jeleniagora.pl\/wp-content\/uploads\/2023\/10\/mlodziez-z-Akureyri-w-Jeleniej-Gorze-26-768x346.jpg 768w, https:\/\/rozwojlokalny.jeleniagora.pl\/wp-content\/uploads\/2023\/10\/mlodziez-z-Akureyri-w-Jeleniej-Gorze-26-1536x691.jpg 1536w, https:\/\/rozwojlokalny.jeleniagora.pl\/wp-content\/uploads\/2023\/10\/mlodziez-z-Akureyri-w-Jeleniej-Gorze-26-18x8.jpg 18w, https:\/\/rozwojlokalny.jeleniagora.pl\/wp-content\/uploads\/2023\/10\/mlodziez-z-Akureyri-w-Jeleniej-Gorze-26.jpg 1600w\" sizes=\"(max-width: 1024px) 100vw, 1024px\" \/><\/a><\/figure>\n\n\n\n<figure class=\"wp-block-image size-large\"><a href=\"https:\/\/rozwojlokalny.jeleniagora.pl\/wp-content\/uploads\/2023\/10\/mlodziez-z-Akureyri-w-Jeleniej-Gorze-27.jpg\"><img decoding=\"async\" loading=\"lazy\" width=\"1024\" height=\"461\" data-id=\"1352\"  src=\"https:\/\/rozwojlokalny.jeleniagora.pl\/wp-content\/uploads\/2023\/10\/mlodziez-z-Akureyri-w-Jeleniej-Gorze-27-1024x461.jpg\" alt=\"\" class=\"wp-image-1352\" srcset=\"https:\/\/rozwojlokalny.jeleniagora.pl\/wp-content\/uploads\/2023\/10\/mlodziez-z-Akureyri-w-Jeleniej-Gorze-27-1024x461.jpg 1024w, https:\/\/rozwojlokalny.jeleniagora.pl\/wp-content\/uploads\/2023\/10\/mlodziez-z-Akureyri-w-Jeleniej-Gorze-27-300x135.jpg 300w, https:\/\/rozwojlokalny.jeleniagora.pl\/wp-content\/uploads\/2023\/10\/mlodziez-z-Akureyri-w-Jeleniej-Gorze-27-768x346.jpg 768w, https:\/\/rozwojlokalny.jeleniagora.pl\/wp-content\/uploads\/2023\/10\/mlodziez-z-Akureyri-w-Jeleniej-Gorze-27-1536x691.jpg 1536w, https:\/\/rozwojlokalny.jeleniagora.pl\/wp-content\/uploads\/2023\/10\/mlodziez-z-Akureyri-w-Jeleniej-Gorze-27-18x8.jpg 18w, https:\/\/rozwojlokalny.jeleniagora.pl\/wp-content\/uploads\/2023\/10\/mlodziez-z-Akureyri-w-Jeleniej-Gorze-27.jpg 1600w\" sizes=\"(max-width: 1024px) 100vw, 1024px\" \/><\/a><\/figure>\n\n\n\n<figure class=\"wp-block-image size-large\"><a href=\"https:\/\/rozwojlokalny.jeleniagora.pl\/wp-content\/uploads\/2023\/10\/mlodziez-z-Akureyri-w-Jeleniej-Gorze-28.jpg\"><img decoding=\"async\" loading=\"lazy\" width=\"1024\" height=\"461\" data-id=\"1358\"  src=\"https:\/\/rozwojlokalny.jeleniagora.pl\/wp-content\/uploads\/2023\/10\/mlodziez-z-Akureyri-w-Jeleniej-Gorze-28-1024x461.jpg\" alt=\"\" class=\"wp-image-1358\" srcset=\"https:\/\/rozwojlokalny.jeleniagora.pl\/wp-content\/uploads\/2023\/10\/mlodziez-z-Akureyri-w-Jeleniej-Gorze-28-1024x461.jpg 1024w, https:\/\/rozwojlokalny.jeleniagora.pl\/wp-content\/uploads\/2023\/10\/mlodziez-z-Akureyri-w-Jeleniej-Gorze-28-300x135.jpg 300w, https:\/\/rozwojlokalny.jeleniagora.pl\/wp-content\/uploads\/2023\/10\/mlodziez-z-Akureyri-w-Jeleniej-Gorze-28-768x346.jpg 768w, https:\/\/rozwojlokalny.jeleniagora.pl\/wp-content\/uploads\/2023\/10\/mlodziez-z-Akureyri-w-Jeleniej-Gorze-28-1536x691.jpg 1536w, https:\/\/rozwojlokalny.jeleniagora.pl\/wp-content\/uploads\/2023\/10\/mlodziez-z-Akureyri-w-Jeleniej-Gorze-28-18x8.jpg 18w, https:\/\/rozwojlokalny.jeleniagora.pl\/wp-content\/uploads\/2023\/10\/mlodziez-z-Akureyri-w-Jeleniej-Gorze-28.jpg 1600w\" sizes=\"(max-width: 1024px) 100vw, 1024px\" \/><\/a><\/figure>\n\n\n\n<figure class=\"wp-block-image size-large\"><a href=\"https:\/\/rozwojlokalny.jeleniagora.pl\/wp-content\/uploads\/2023\/10\/mlodziez-z-Akureyri-w-Jeleniej-Gorze-29.jpg\"><img decoding=\"async\" loading=\"lazy\" width=\"1024\" height=\"461\" data-id=\"1345\"  src=\"https:\/\/rozwojlokalny.jeleniagora.pl\/wp-content\/uploads\/2023\/10\/mlodziez-z-Akureyri-w-Jeleniej-Gorze-29-1024x461.jpg\" alt=\"\" class=\"wp-image-1345\" srcset=\"https:\/\/rozwojlokalny.jeleniagora.pl\/wp-content\/uploads\/2023\/10\/mlodziez-z-Akureyri-w-Jeleniej-Gorze-29-1024x461.jpg 1024w, https:\/\/rozwojlokalny.jeleniagora.pl\/wp-content\/uploads\/2023\/10\/mlodziez-z-Akureyri-w-Jeleniej-Gorze-29-300x135.jpg 300w, https:\/\/rozwojlokalny.jeleniagora.pl\/wp-content\/uploads\/2023\/10\/mlodziez-z-Akureyri-w-Jeleniej-Gorze-29-768x346.jpg 768w, https:\/\/rozwojlokalny.jeleniagora.pl\/wp-content\/uploads\/2023\/10\/mlodziez-z-Akureyri-w-Jeleniej-Gorze-29-1536x691.jpg 1536w, https:\/\/rozwojlokalny.jeleniagora.pl\/wp-content\/uploads\/2023\/10\/mlodziez-z-Akureyri-w-Jeleniej-Gorze-29-18x8.jpg 18w, https:\/\/rozwojlokalny.jeleniagora.pl\/wp-content\/uploads\/2023\/10\/mlodziez-z-Akureyri-w-Jeleniej-Gorze-29.jpg 1600w\" sizes=\"(max-width: 1024px) 100vw, 1024px\" \/><\/a><\/figure>\n\n\n\n<figure class=\"wp-block-image size-large\"><a href=\"https:\/\/rozwojlokalny.jeleniagora.pl\/wp-content\/uploads\/2023\/10\/mlodziez-z-Akureyri-w-Jeleniej-Gorze-30.jpg\"><img decoding=\"async\" loading=\"lazy\" width=\"461\" height=\"1024\" data-id=\"1356\"  src=\"https:\/\/rozwojlokalny.jeleniagora.pl\/wp-content\/uploads\/2023\/10\/mlodziez-z-Akureyri-w-Jeleniej-Gorze-30-461x1024.jpg\" alt=\"\" class=\"wp-image-1356\" srcset=\"https:\/\/rozwojlokalny.jeleniagora.pl\/wp-content\/uploads\/2023\/10\/mlodziez-z-Akureyri-w-Jeleniej-Gorze-30-461x1024.jpg 461w, https:\/\/rozwojlokalny.jeleniagora.pl\/wp-content\/uploads\/2023\/10\/mlodziez-z-Akureyri-w-Jeleniej-Gorze-30-135x300.jpg 135w, https:\/\/rozwojlokalny.jeleniagora.pl\/wp-content\/uploads\/2023\/10\/mlodziez-z-Akureyri-w-Jeleniej-Gorze-30-691x1536.jpg 691w, https:\/\/rozwojlokalny.jeleniagora.pl\/wp-content\/uploads\/2023\/10\/mlodziez-z-Akureyri-w-Jeleniej-Gorze-30-5x12.jpg 5w, https:\/\/rozwojlokalny.jeleniagora.pl\/wp-content\/uploads\/2023\/10\/mlodziez-z-Akureyri-w-Jeleniej-Gorze-30.jpg 720w\" sizes=\"(max-width: 461px) 100vw, 461px\" \/><\/a><\/figure>\n\n\n\n<figure class=\"wp-block-image size-large\"><a href=\"https:\/\/rozwojlokalny.jeleniagora.pl\/wp-content\/uploads\/2023\/10\/mlodziez-z-Akureyri-w-Jeleniej-Gorze-31.jpg\"><img decoding=\"async\" loading=\"lazy\" width=\"461\" height=\"1024\" data-id=\"1340\"  src=\"https:\/\/rozwojlokalny.jeleniagora.pl\/wp-content\/uploads\/2023\/10\/mlodziez-z-Akureyri-w-Jeleniej-Gorze-31-461x1024.jpg\" alt=\"\" class=\"wp-image-1340\" srcset=\"https:\/\/rozwojlokalny.jeleniagora.pl\/wp-content\/uploads\/2023\/10\/mlodziez-z-Akureyri-w-Jeleniej-Gorze-31-461x1024.jpg 461w, https:\/\/rozwojlokalny.jeleniagora.pl\/wp-content\/uploads\/2023\/10\/mlodziez-z-Akureyri-w-Jeleniej-Gorze-31-135x300.jpg 135w, https:\/\/rozwojlokalny.jeleniagora.pl\/wp-content\/uploads\/2023\/10\/mlodziez-z-Akureyri-w-Jeleniej-Gorze-31-691x1536.jpg 691w, https:\/\/rozwojlokalny.jeleniagora.pl\/wp-content\/uploads\/2023\/10\/mlodziez-z-Akureyri-w-Jeleniej-Gorze-31-5x12.jpg 5w, https:\/\/rozwojlokalny.jeleniagora.pl\/wp-content\/uploads\/2023\/10\/mlodziez-z-Akureyri-w-Jeleniej-Gorze-31.jpg 720w\" sizes=\"(max-width: 461px) 100vw, 461px\" \/><\/a><\/figure>\n\n\n\n<figure class=\"wp-block-image size-large\"><a href=\"https:\/\/rozwojlokalny.jeleniagora.pl\/wp-content\/uploads\/2023\/10\/mlodziez-z-Akureyri-w-Jeleniej-Gorze-32.jpg\"><img decoding=\"async\" loading=\"lazy\" width=\"461\" height=\"1024\" data-id=\"1339\"  src=\"https:\/\/rozwojlokalny.jeleniagora.pl\/wp-content\/uploads\/2023\/10\/mlodziez-z-Akureyri-w-Jeleniej-Gorze-32-461x1024.jpg\" alt=\"\" class=\"wp-image-1339\" srcset=\"https:\/\/rozwojlokalny.jeleniagora.pl\/wp-content\/uploads\/2023\/10\/mlodziez-z-Akureyri-w-Jeleniej-Gorze-32-461x1024.jpg 461w, https:\/\/rozwojlokalny.jeleniagora.pl\/wp-content\/uploads\/2023\/10\/mlodziez-z-Akureyri-w-Jeleniej-Gorze-32-135x300.jpg 135w, https:\/\/rozwojlokalny.jeleniagora.pl\/wp-content\/uploads\/2023\/10\/mlodziez-z-Akureyri-w-Jeleniej-Gorze-32-691x1536.jpg 691w, https:\/\/rozwojlokalny.jeleniagora.pl\/wp-content\/uploads\/2023\/10\/mlodziez-z-Akureyri-w-Jeleniej-Gorze-32-5x12.jpg 5w, https:\/\/rozwojlokalny.jeleniagora.pl\/wp-content\/uploads\/2023\/10\/mlodziez-z-Akureyri-w-Jeleniej-Gorze-32.jpg 720w\" sizes=\"(max-width: 461px) 100vw, 461px\" \/><\/a><\/figure>\n\n\n\n<figure class=\"wp-block-image size-large\"><a href=\"https:\/\/rozwojlokalny.jeleniagora.pl\/wp-content\/uploads\/2023\/10\/mlodziez-z-Akureyri-w-Jeleniej-Gorze-33.jpg\"><img decoding=\"async\" loading=\"lazy\" width=\"461\" height=\"1024\" data-id=\"1344\"  src=\"https:\/\/rozwojlokalny.jeleniagora.pl\/wp-content\/uploads\/2023\/10\/mlodziez-z-Akureyri-w-Jeleniej-Gorze-33-461x1024.jpg\" alt=\"\" class=\"wp-image-1344\" srcset=\"https:\/\/rozwojlokalny.jeleniagora.pl\/wp-content\/uploads\/2023\/10\/mlodziez-z-Akureyri-w-Jeleniej-Gorze-33-461x1024.jpg 461w, https:\/\/rozwojlokalny.jeleniagora.pl\/wp-content\/uploads\/2023\/10\/mlodziez-z-Akureyri-w-Jeleniej-Gorze-33-135x300.jpg 135w, https:\/\/rozwojlokalny.jeleniagora.pl\/wp-content\/uploads\/2023\/10\/mlodziez-z-Akureyri-w-Jeleniej-Gorze-33-691x1536.jpg 691w, https:\/\/rozwojlokalny.jeleniagora.pl\/wp-content\/uploads\/2023\/10\/mlodziez-z-Akureyri-w-Jeleniej-Gorze-33-5x12.jpg 5w, https:\/\/rozwojlokalny.jeleniagora.pl\/wp-content\/uploads\/2023\/10\/mlodziez-z-Akureyri-w-Jeleniej-Gorze-33.jpg 720w\" sizes=\"(max-width: 461px) 100vw, 461px\" \/><\/a><\/figure>\n\n\n\n<figure class=\"wp-block-image size-large\"><a href=\"https:\/\/rozwojlokalny.jeleniagora.pl\/wp-content\/uploads\/2023\/10\/mlodziez-z-Akureyri-w-Jeleniej-Gorze-34.jpg\"><img decoding=\"async\" loading=\"lazy\" width=\"461\" height=\"1024\" data-id=\"1346\"  src=\"https:\/\/rozwojlokalny.jeleniagora.pl\/wp-content\/uploads\/2023\/10\/mlodziez-z-Akureyri-w-Jeleniej-Gorze-34-461x1024.jpg\" alt=\"\" class=\"wp-image-1346\" srcset=\"https:\/\/rozwojlokalny.jeleniagora.pl\/wp-content\/uploads\/2023\/10\/mlodziez-z-Akureyri-w-Jeleniej-Gorze-34-461x1024.jpg 461w, https:\/\/rozwojlokalny.jeleniagora.pl\/wp-content\/uploads\/2023\/10\/mlodziez-z-Akureyri-w-Jeleniej-Gorze-34-135x300.jpg 135w, https:\/\/rozwojlokalny.jeleniagora.pl\/wp-content\/uploads\/2023\/10\/mlodziez-z-Akureyri-w-Jeleniej-Gorze-34-691x1536.jpg 691w, https:\/\/rozwojlokalny.jeleniagora.pl\/wp-content\/uploads\/2023\/10\/mlodziez-z-Akureyri-w-Jeleniej-Gorze-34-5x12.jpg 5w, https:\/\/rozwojlokalny.jeleniagora.pl\/wp-content\/uploads\/2023\/10\/mlodziez-z-Akureyri-w-Jeleniej-Gorze-34.jpg 720w\" sizes=\"(max-width: 461px) 100vw, 461px\" \/><\/a><\/figure>\n\n\n\n<figure class=\"wp-block-image size-large\"><a href=\"https:\/\/rozwojlokalny.jeleniagora.pl\/wp-content\/uploads\/2023\/10\/mlodziez-z-Akureyri-w-Jeleniej-Gorze-35.jpg\"><img decoding=\"async\" loading=\"lazy\" width=\"629\" height=\"1024\" data-id=\"1366\"  src=\"https:\/\/rozwojlokalny.jeleniagora.pl\/wp-content\/uploads\/2023\/10\/mlodziez-z-Akureyri-w-Jeleniej-Gorze-35-629x1024.jpg\" alt=\"\" class=\"wp-image-1366\" srcset=\"https:\/\/rozwojlokalny.jeleniagora.pl\/wp-content\/uploads\/2023\/10\/mlodziez-z-Akureyri-w-Jeleniej-Gorze-35-629x1024.jpg 629w, https:\/\/rozwojlokalny.jeleniagora.pl\/wp-content\/uploads\/2023\/10\/mlodziez-z-Akureyri-w-Jeleniej-Gorze-35-184x300.jpg 184w, https:\/\/rozwojlokalny.jeleniagora.pl\/wp-content\/uploads\/2023\/10\/mlodziez-z-Akureyri-w-Jeleniej-Gorze-35-768x1250.jpg 768w, https:\/\/rozwojlokalny.jeleniagora.pl\/wp-content\/uploads\/2023\/10\/mlodziez-z-Akureyri-w-Jeleniej-Gorze-35-7x12.jpg 7w, https:\/\/rozwojlokalny.jeleniagora.pl\/wp-content\/uploads\/2023\/10\/mlodziez-z-Akureyri-w-Jeleniej-Gorze-35.jpg 900w\" sizes=\"(max-width: 629px) 100vw, 629px\" \/><\/a><\/figure>\n\n\n\n<figure class=\"wp-block-image size-large\"><a href=\"https:\/\/rozwojlokalny.jeleniagora.pl\/wp-content\/uploads\/2023\/10\/mlodziez-z-Akureyri-w-Jeleniej-Gorze-36.jpg\"><img decoding=\"async\" loading=\"lazy\" width=\"461\" height=\"1024\" data-id=\"1354\"  src=\"https:\/\/rozwojlokalny.jeleniagora.pl\/wp-content\/uploads\/2023\/10\/mlodziez-z-Akureyri-w-Jeleniej-Gorze-36-461x1024.jpg\" alt=\"\" class=\"wp-image-1354\" srcset=\"https:\/\/rozwojlokalny.jeleniagora.pl\/wp-content\/uploads\/2023\/10\/mlodziez-z-Akureyri-w-Jeleniej-Gorze-36-461x1024.jpg 461w, https:\/\/rozwojlokalny.jeleniagora.pl\/wp-content\/uploads\/2023\/10\/mlodziez-z-Akureyri-w-Jeleniej-Gorze-36-135x300.jpg 135w, https:\/\/rozwojlokalny.jeleniagora.pl\/wp-content\/uploads\/2023\/10\/mlodziez-z-Akureyri-w-Jeleniej-Gorze-36-691x1536.jpg 691w, https:\/\/rozwojlokalny.jeleniagora.pl\/wp-content\/uploads\/2023\/10\/mlodziez-z-Akureyri-w-Jeleniej-Gorze-36-5x12.jpg 5w, https:\/\/rozwojlokalny.jeleniagora.pl\/wp-content\/uploads\/2023\/10\/mlodziez-z-Akureyri-w-Jeleniej-Gorze-36.jpg 720w\" sizes=\"(max-width: 461px) 100vw, 461px\" \/><\/a><\/figure>\n\n\n\n<figure class=\"wp-block-image size-large\"><a href=\"https:\/\/rozwojlokalny.jeleniagora.pl\/wp-content\/uploads\/2023\/10\/mlodziez-z-Akureyri-w-Jeleniej-Gorze-37.jpg\"><img decoding=\"async\" loading=\"lazy\" width=\"461\" height=\"1024\" data-id=\"1350\"  src=\"https:\/\/rozwojlokalny.jeleniagora.pl\/wp-content\/uploads\/2023\/10\/mlodziez-z-Akureyri-w-Jeleniej-Gorze-37-461x1024.jpg\" alt=\"\" class=\"wp-image-1350\" srcset=\"https:\/\/rozwojlokalny.jeleniagora.pl\/wp-content\/uploads\/2023\/10\/mlodziez-z-Akureyri-w-Jeleniej-Gorze-37-461x1024.jpg 461w, https:\/\/rozwojlokalny.jeleniagora.pl\/wp-content\/uploads\/2023\/10\/mlodziez-z-Akureyri-w-Jeleniej-Gorze-37-135x300.jpg 135w, https:\/\/rozwojlokalny.jeleniagora.pl\/wp-content\/uploads\/2023\/10\/mlodziez-z-Akureyri-w-Jeleniej-Gorze-37-691x1536.jpg 691w, https:\/\/rozwojlokalny.jeleniagora.pl\/wp-content\/uploads\/2023\/10\/mlodziez-z-Akureyri-w-Jeleniej-Gorze-37-5x12.jpg 5w, https:\/\/rozwojlokalny.jeleniagora.pl\/wp-content\/uploads\/2023\/10\/mlodziez-z-Akureyri-w-Jeleniej-Gorze-37.jpg 720w\" sizes=\"(max-width: 461px) 100vw, 461px\" \/><\/a><\/figure>\n\n\n\n<figure class=\"wp-block-image size-large\"><a href=\"https:\/\/rozwojlokalny.jeleniagora.pl\/wp-content\/uploads\/2023\/10\/mlodziez-z-Akureyri-w-Jeleniej-Gorze-38.jpg\"><img decoding=\"async\" loading=\"lazy\" width=\"1024\" height=\"461\" data-id=\"1347\"  src=\"https:\/\/rozwojlokalny.jeleniagora.pl\/wp-content\/uploads\/2023\/10\/mlodziez-z-Akureyri-w-Jeleniej-Gorze-38-1024x461.jpg\" alt=\"\" class=\"wp-image-1347\" srcset=\"https:\/\/rozwojlokalny.jeleniagora.pl\/wp-content\/uploads\/2023\/10\/mlodziez-z-Akureyri-w-Jeleniej-Gorze-38-1024x461.jpg 1024w, https:\/\/rozwojlokalny.jeleniagora.pl\/wp-content\/uploads\/2023\/10\/mlodziez-z-Akureyri-w-Jeleniej-Gorze-38-300x135.jpg 300w, https:\/\/rozwojlokalny.jeleniagora.pl\/wp-content\/uploads\/2023\/10\/mlodziez-z-Akureyri-w-Jeleniej-Gorze-38-768x346.jpg 768w, https:\/\/rozwojlokalny.jeleniagora.pl\/wp-content\/uploads\/2023\/10\/mlodziez-z-Akureyri-w-Jeleniej-Gorze-38-1536x691.jpg 1536w, https:\/\/rozwojlokalny.jeleniagora.pl\/wp-content\/uploads\/2023\/10\/mlodziez-z-Akureyri-w-Jeleniej-Gorze-38-18x8.jpg 18w, https:\/\/rozwojlokalny.jeleniagora.pl\/wp-content\/uploads\/2023\/10\/mlodziez-z-Akureyri-w-Jeleniej-Gorze-38.jpg 1600w\" sizes=\"(max-width: 1024px) 100vw, 1024px\" \/><\/a><\/figure>\n\n\n\n<figure class=\"wp-block-image size-large\"><a href=\"https:\/\/rozwojlokalny.jeleniagora.pl\/wp-content\/uploads\/2023\/10\/mlodziez-z-Akureyri-w-Jeleniej-Gorze-39.jpg\"><img decoding=\"async\" loading=\"lazy\" width=\"1024\" height=\"461\" data-id=\"1368\"  src=\"https:\/\/rozwojlokalny.jeleniagora.pl\/wp-content\/uploads\/2023\/10\/mlodziez-z-Akureyri-w-Jeleniej-Gorze-39-1024x461.jpg\" alt=\"\" class=\"wp-image-1368\" srcset=\"https:\/\/rozwojlokalny.jeleniagora.pl\/wp-content\/uploads\/2023\/10\/mlodziez-z-Akureyri-w-Jeleniej-Gorze-39-1024x461.jpg 1024w, https:\/\/rozwojlokalny.jeleniagora.pl\/wp-content\/uploads\/2023\/10\/mlodziez-z-Akureyri-w-Jeleniej-Gorze-39-300x135.jpg 300w, https:\/\/rozwojlokalny.jeleniagora.pl\/wp-content\/uploads\/2023\/10\/mlodziez-z-Akureyri-w-Jeleniej-Gorze-39-768x346.jpg 768w, https:\/\/rozwojlokalny.jeleniagora.pl\/wp-content\/uploads\/2023\/10\/mlodziez-z-Akureyri-w-Jeleniej-Gorze-39-1536x691.jpg 1536w, https:\/\/rozwojlokalny.jeleniagora.pl\/wp-content\/uploads\/2023\/10\/mlodziez-z-Akureyri-w-Jeleniej-Gorze-39-18x8.jpg 18w, https:\/\/rozwojlokalny.jeleniagora.pl\/wp-content\/uploads\/2023\/10\/mlodziez-z-Akureyri-w-Jeleniej-Gorze-39.jpg 1600w\" sizes=\"(max-width: 1024px) 100vw, 1024px\" \/><\/a><\/figure>\n\n\n\n<figure class=\"wp-block-image size-large\"><a href=\"https:\/\/rozwojlokalny.jeleniagora.pl\/wp-content\/uploads\/2023\/10\/mlodziez-z-Akureyri-w-Jeleniej-Gorze-40.jpg\"><img decoding=\"async\" loading=\"lazy\" width=\"1024\" height=\"461\" data-id=\"1363\"  src=\"https:\/\/rozwojlokalny.jeleniagora.pl\/wp-content\/uploads\/2023\/10\/mlodziez-z-Akureyri-w-Jeleniej-Gorze-40-1024x461.jpg\" alt=\"\" class=\"wp-image-1363\" srcset=\"https:\/\/rozwojlokalny.jeleniagora.pl\/wp-content\/uploads\/2023\/10\/mlodziez-z-Akureyri-w-Jeleniej-Gorze-40-1024x461.jpg 1024w, https:\/\/rozwojlokalny.jeleniagora.pl\/wp-content\/uploads\/2023\/10\/mlodziez-z-Akureyri-w-Jeleniej-Gorze-40-300x135.jpg 300w, https:\/\/rozwojlokalny.jeleniagora.pl\/wp-content\/uploads\/2023\/10\/mlodziez-z-Akureyri-w-Jeleniej-Gorze-40-768x346.jpg 768w, https:\/\/rozwojlokalny.jeleniagora.pl\/wp-content\/uploads\/2023\/10\/mlodziez-z-Akureyri-w-Jeleniej-Gorze-40-1536x691.jpg 1536w, https:\/\/rozwojlokalny.jeleniagora.pl\/wp-content\/uploads\/2023\/10\/mlodziez-z-Akureyri-w-Jeleniej-Gorze-40-18x8.jpg 18w, https:\/\/rozwojlokalny.jeleniagora.pl\/wp-content\/uploads\/2023\/10\/mlodziez-z-Akureyri-w-Jeleniej-Gorze-40.jpg 1600w\" sizes=\"(max-width: 1024px) 100vw, 1024px\" \/><\/a><\/figure>\n\n\n\n<figure class=\"wp-block-image size-large\"><a href=\"https:\/\/rozwojlokalny.jeleniagora.pl\/wp-content\/uploads\/2023\/10\/mlodziez-z-Akureyri-w-Jeleniej-Gorze-41.jpg\"><img decoding=\"async\" loading=\"lazy\" width=\"1024\" height=\"461\" data-id=\"1361\"  src=\"https:\/\/rozwojlokalny.jeleniagora.pl\/wp-content\/uploads\/2023\/10\/mlodziez-z-Akureyri-w-Jeleniej-Gorze-41-1024x461.jpg\" alt=\"\" class=\"wp-image-1361\" srcset=\"https:\/\/rozwojlokalny.jeleniagora.pl\/wp-content\/uploads\/2023\/10\/mlodziez-z-Akureyri-w-Jeleniej-Gorze-41-1024x461.jpg 1024w, https:\/\/rozwojlokalny.jeleniagora.pl\/wp-content\/uploads\/2023\/10\/mlodziez-z-Akureyri-w-Jeleniej-Gorze-41-300x135.jpg 300w, https:\/\/rozwojlokalny.jeleniagora.pl\/wp-content\/uploads\/2023\/10\/mlodziez-z-Akureyri-w-Jeleniej-Gorze-41-768x346.jpg 768w, https:\/\/rozwojlokalny.jeleniagora.pl\/wp-content\/uploads\/2023\/10\/mlodziez-z-Akureyri-w-Jeleniej-Gorze-41-1536x691.jpg 1536w, https:\/\/rozwojlokalny.jeleniagora.pl\/wp-content\/uploads\/2023\/10\/mlodziez-z-Akureyri-w-Jeleniej-Gorze-41-18x8.jpg 18w, https:\/\/rozwojlokalny.jeleniagora.pl\/wp-content\/uploads\/2023\/10\/mlodziez-z-Akureyri-w-Jeleniej-Gorze-41.jpg 1600w\" sizes=\"(max-width: 1024px) 100vw, 1024px\" \/><\/a><\/figure>\n\n\n\n<figure class=\"wp-block-image size-large\"><a href=\"https:\/\/rozwojlokalny.jeleniagora.pl\/wp-content\/uploads\/2023\/10\/mlodziez-z-Akureyri-w-Jeleniej-Gorze-42.jpg\"><img decoding=\"async\" loading=\"lazy\" width=\"1024\" height=\"461\" data-id=\"1360\"  src=\"https:\/\/rozwojlokalny.jeleniagora.pl\/wp-content\/uploads\/2023\/10\/mlodziez-z-Akureyri-w-Jeleniej-Gorze-42-1024x461.jpg\" alt=\"\" class=\"wp-image-1360\" srcset=\"https:\/\/rozwojlokalny.jeleniagora.pl\/wp-content\/uploads\/2023\/10\/mlodziez-z-Akureyri-w-Jeleniej-Gorze-42-1024x461.jpg 1024w, https:\/\/rozwojlokalny.jeleniagora.pl\/wp-content\/uploads\/2023\/10\/mlodziez-z-Akureyri-w-Jeleniej-Gorze-42-300x135.jpg 300w, https:\/\/rozwojlokalny.jeleniagora.pl\/wp-content\/uploads\/2023\/10\/mlodziez-z-Akureyri-w-Jeleniej-Gorze-42-768x346.jpg 768w, https:\/\/rozwojlokalny.jeleniagora.pl\/wp-content\/uploads\/2023\/10\/mlodziez-z-Akureyri-w-Jeleniej-Gorze-42-1536x691.jpg 1536w, https:\/\/rozwojlokalny.jeleniagora.pl\/wp-content\/uploads\/2023\/10\/mlodziez-z-Akureyri-w-Jeleniej-Gorze-42-18x8.jpg 18w, https:\/\/rozwojlokalny.jeleniagora.pl\/wp-content\/uploads\/2023\/10\/mlodziez-z-Akureyri-w-Jeleniej-Gorze-42.jpg 1600w\" sizes=\"(max-width: 1024px) 100vw, 1024px\" \/><\/a><\/figure>\n\n\n\n<figure class=\"wp-block-image size-large\"><a href=\"https:\/\/rozwojlokalny.jeleniagora.pl\/wp-content\/uploads\/2023\/10\/mlodziez-z-Akureyri-w-Jeleniej-Gorze-43.jpg\"><img decoding=\"async\" loading=\"lazy\" width=\"1024\" height=\"461\" data-id=\"1353\"  src=\"https:\/\/rozwojlokalny.jeleniagora.pl\/wp-content\/uploads\/2023\/10\/mlodziez-z-Akureyri-w-Jeleniej-Gorze-43-1024x461.jpg\" alt=\"\" class=\"wp-image-1353\" srcset=\"https:\/\/rozwojlokalny.jeleniagora.pl\/wp-content\/uploads\/2023\/10\/mlodziez-z-Akureyri-w-Jeleniej-Gorze-43-1024x461.jpg 1024w, https:\/\/rozwojlokalny.jeleniagora.pl\/wp-content\/uploads\/2023\/10\/mlodziez-z-Akureyri-w-Jeleniej-Gorze-43-300x135.jpg 300w, https:\/\/rozwojlokalny.jeleniagora.pl\/wp-content\/uploads\/2023\/10\/mlodziez-z-Akureyri-w-Jeleniej-Gorze-43-768x346.jpg 768w, https:\/\/rozwojlokalny.jeleniagora.pl\/wp-content\/uploads\/2023\/10\/mlodziez-z-Akureyri-w-Jeleniej-Gorze-43-1536x691.jpg 1536w, https:\/\/rozwojlokalny.jeleniagora.pl\/wp-content\/uploads\/2023\/10\/mlodziez-z-Akureyri-w-Jeleniej-Gorze-43-18x8.jpg 18w, https:\/\/rozwojlokalny.jeleniagora.pl\/wp-content\/uploads\/2023\/10\/mlodziez-z-Akureyri-w-Jeleniej-Gorze-43.jpg 1600w\" sizes=\"(max-width: 1024px) 100vw, 1024px\" \/><\/a><\/figure>\n\n\n\n<figure class=\"wp-block-image size-large\"><a href=\"https:\/\/rozwojlokalny.jeleniagora.pl\/wp-content\/uploads\/2023\/10\/mlodziezy-z-islandzkiego-Akureyri-w-Jeleniej-Gorze-2023-1.jpg\"><img decoding=\"async\" loading=\"lazy\" width=\"1024\" height=\"461\" data-id=\"1381\"  src=\"https:\/\/rozwojlokalny.jeleniagora.pl\/wp-content\/uploads\/2023\/10\/mlodziezy-z-islandzkiego-Akureyri-w-Jeleniej-Gorze-2023-1-1024x461.jpg\" alt=\"\" class=\"wp-image-1381\" srcset=\"https:\/\/rozwojlokalny.jeleniagora.pl\/wp-content\/uploads\/2023\/10\/mlodziezy-z-islandzkiego-Akureyri-w-Jeleniej-Gorze-2023-1-1024x461.jpg 1024w, https:\/\/rozwojlokalny.jeleniagora.pl\/wp-content\/uploads\/2023\/10\/mlodziezy-z-islandzkiego-Akureyri-w-Jeleniej-Gorze-2023-1-300x135.jpg 300w, https:\/\/rozwojlokalny.jeleniagora.pl\/wp-content\/uploads\/2023\/10\/mlodziezy-z-islandzkiego-Akureyri-w-Jeleniej-Gorze-2023-1-768x345.jpg 768w, https:\/\/rozwojlokalny.jeleniagora.pl\/wp-content\/uploads\/2023\/10\/mlodziezy-z-islandzkiego-Akureyri-w-Jeleniej-Gorze-2023-1-1536x691.jpg 1536w, https:\/\/rozwojlokalny.jeleniagora.pl\/wp-content\/uploads\/2023\/10\/mlodziezy-z-islandzkiego-Akureyri-w-Jeleniej-Gorze-2023-1-18x8.jpg 18w, https:\/\/rozwojlokalny.jeleniagora.pl\/wp-content\/uploads\/2023\/10\/mlodziezy-z-islandzkiego-Akureyri-w-Jeleniej-Gorze-2023-1.jpg 1872w\" sizes=\"(max-width: 1024px) 100vw, 1024px\" \/><\/a><\/figure>\n\n\n\n<figure class=\"wp-block-image size-large\"><a href=\"https:\/\/rozwojlokalny.jeleniagora.pl\/wp-content\/uploads\/2023\/10\/mlodziezy-z-islandzkiego-Akureyri-w-Jeleniej-Gorze-2023-2.jpg\"><img decoding=\"async\" loading=\"lazy\" width=\"1024\" height=\"461\" data-id=\"1382\"  src=\"https:\/\/rozwojlokalny.jeleniagora.pl\/wp-content\/uploads\/2023\/10\/mlodziezy-z-islandzkiego-Akureyri-w-Jeleniej-Gorze-2023-2-1024x461.jpg\" alt=\"\" class=\"wp-image-1382\" srcset=\"https:\/\/rozwojlokalny.jeleniagora.pl\/wp-content\/uploads\/2023\/10\/mlodziezy-z-islandzkiego-Akureyri-w-Jeleniej-Gorze-2023-2-1024x461.jpg 1024w, https:\/\/rozwojlokalny.jeleniagora.pl\/wp-content\/uploads\/2023\/10\/mlodziezy-z-islandzkiego-Akureyri-w-Jeleniej-Gorze-2023-2-300x135.jpg 300w, https:\/\/rozwojlokalny.jeleniagora.pl\/wp-content\/uploads\/2023\/10\/mlodziezy-z-islandzkiego-Akureyri-w-Jeleniej-Gorze-2023-2-768x346.jpg 768w, https:\/\/rozwojlokalny.jeleniagora.pl\/wp-content\/uploads\/2023\/10\/mlodziezy-z-islandzkiego-Akureyri-w-Jeleniej-Gorze-2023-2-18x8.jpg 18w, https:\/\/rozwojlokalny.jeleniagora.pl\/wp-content\/uploads\/2023\/10\/mlodziezy-z-islandzkiego-Akureyri-w-Jeleniej-Gorze-2023-2.jpg 1482w\" sizes=\"(max-width: 1024px) 100vw, 1024px\" \/><\/a><\/figure>\n\n\n\n<figure class=\"wp-block-image size-large\"><a href=\"https:\/\/rozwojlokalny.jeleniagora.pl\/wp-content\/uploads\/2023\/10\/mlodziezy-z-islandzkiego-Akureyri-w-Jeleniej-Gorze-2023-3.jpg\"><img decoding=\"async\" loading=\"lazy\" width=\"1024\" height=\"461\" data-id=\"1383\"  src=\"https:\/\/rozwojlokalny.jeleniagora.pl\/wp-content\/uploads\/2023\/10\/mlodziezy-z-islandzkiego-Akureyri-w-Jeleniej-Gorze-2023-3-1024x461.jpg\" alt=\"\" class=\"wp-image-1383\" srcset=\"https:\/\/rozwojlokalny.jeleniagora.pl\/wp-content\/uploads\/2023\/10\/mlodziezy-z-islandzkiego-Akureyri-w-Jeleniej-Gorze-2023-3-1024x461.jpg 1024w, https:\/\/rozwojlokalny.jeleniagora.pl\/wp-content\/uploads\/2023\/10\/mlodziezy-z-islandzkiego-Akureyri-w-Jeleniej-Gorze-2023-3-300x135.jpg 300w, https:\/\/rozwojlokalny.jeleniagora.pl\/wp-content\/uploads\/2023\/10\/mlodziezy-z-islandzkiego-Akureyri-w-Jeleniej-Gorze-2023-3-768x346.jpg 768w, https:\/\/rozwojlokalny.jeleniagora.pl\/wp-content\/uploads\/2023\/10\/mlodziezy-z-islandzkiego-Akureyri-w-Jeleniej-Gorze-2023-3-18x8.jpg 18w, https:\/\/rozwojlokalny.jeleniagora.pl\/wp-content\/uploads\/2023\/10\/mlodziezy-z-islandzkiego-Akureyri-w-Jeleniej-Gorze-2023-3.jpg 1482w\" sizes=\"(max-width: 1024px) 100vw, 1024px\" \/><\/a><\/figure>\n\n\n\n<figure class=\"wp-block-image size-large\"><a href=\"https:\/\/rozwojlokalny.jeleniagora.pl\/wp-content\/uploads\/2023\/10\/mlodziezy-z-islandzkiego-Akureyri-w-Jeleniej-Gorze-2023-4.jpg\"><img decoding=\"async\" loading=\"lazy\" width=\"1024\" height=\"461\" data-id=\"1385\"  src=\"https:\/\/rozwojlokalny.jeleniagora.pl\/wp-content\/uploads\/2023\/10\/mlodziezy-z-islandzkiego-Akureyri-w-Jeleniej-Gorze-2023-4-1024x461.jpg\" alt=\"\" class=\"wp-image-1385\" srcset=\"https:\/\/rozwojlokalny.jeleniagora.pl\/wp-content\/uploads\/2023\/10\/mlodziezy-z-islandzkiego-Akureyri-w-Jeleniej-Gorze-2023-4-1024x461.jpg 1024w, https:\/\/rozwojlokalny.jeleniagora.pl\/wp-content\/uploads\/2023\/10\/mlodziezy-z-islandzkiego-Akureyri-w-Jeleniej-Gorze-2023-4-300x135.jpg 300w, https:\/\/rozwojlokalny.jeleniagora.pl\/wp-content\/uploads\/2023\/10\/mlodziezy-z-islandzkiego-Akureyri-w-Jeleniej-Gorze-2023-4-768x346.jpg 768w, https:\/\/rozwojlokalny.jeleniagora.pl\/wp-content\/uploads\/2023\/10\/mlodziezy-z-islandzkiego-Akureyri-w-Jeleniej-Gorze-2023-4-18x8.jpg 18w, https:\/\/rozwojlokalny.jeleniagora.pl\/wp-content\/uploads\/2023\/10\/mlodziezy-z-islandzkiego-Akureyri-w-Jeleniej-Gorze-2023-4.jpg 1482w\" sizes=\"(max-width: 1024px) 100vw, 1024px\" \/><\/a><\/figure>\n\n\n\n<figure class=\"wp-block-image size-large\"><a href=\"https:\/\/rozwojlokalny.jeleniagora.pl\/wp-content\/uploads\/2023\/10\/mlodziezy-z-islandzkiego-Akureyri-w-Jeleniej-Gorze-2023-5.jpg\"><img decoding=\"async\" loading=\"lazy\" width=\"1024\" height=\"461\" data-id=\"1387\"  src=\"https:\/\/rozwojlokalny.jeleniagora.pl\/wp-content\/uploads\/2023\/10\/mlodziezy-z-islandzkiego-Akureyri-w-Jeleniej-Gorze-2023-5-1024x461.jpg\" alt=\"\" class=\"wp-image-1387\" srcset=\"https:\/\/rozwojlokalny.jeleniagora.pl\/wp-content\/uploads\/2023\/10\/mlodziezy-z-islandzkiego-Akureyri-w-Jeleniej-Gorze-2023-5-1024x461.jpg 1024w, https:\/\/rozwojlokalny.jeleniagora.pl\/wp-content\/uploads\/2023\/10\/mlodziezy-z-islandzkiego-Akureyri-w-Jeleniej-Gorze-2023-5-300x135.jpg 300w, https:\/\/rozwojlokalny.jeleniagora.pl\/wp-content\/uploads\/2023\/10\/mlodziezy-z-islandzkiego-Akureyri-w-Jeleniej-Gorze-2023-5-768x346.jpg 768w, https:\/\/rozwojlokalny.jeleniagora.pl\/wp-content\/uploads\/2023\/10\/mlodziezy-z-islandzkiego-Akureyri-w-Jeleniej-Gorze-2023-5-18x8.jpg 18w, https:\/\/rozwojlokalny.jeleniagora.pl\/wp-content\/uploads\/2023\/10\/mlodziezy-z-islandzkiego-Akureyri-w-Jeleniej-Gorze-2023-5.jpg 1482w\" sizes=\"(max-width: 1024px) 100vw, 1024px\" \/><\/a><\/figure>\n\n\n\n<figure class=\"wp-block-image size-large\"><a href=\"https:\/\/rozwojlokalny.jeleniagora.pl\/wp-content\/uploads\/2023\/10\/mlodziezy-z-islandzkiego-Akureyri-w-Jeleniej-Gorze-2023-6.jpg\"><img decoding=\"async\" loading=\"lazy\" width=\"1024\" height=\"461\" data-id=\"1386\"  src=\"https:\/\/rozwojlokalny.jeleniagora.pl\/wp-content\/uploads\/2023\/10\/mlodziezy-z-islandzkiego-Akureyri-w-Jeleniej-Gorze-2023-6-1024x461.jpg\" alt=\"\" class=\"wp-image-1386\" srcset=\"https:\/\/rozwojlokalny.jeleniagora.pl\/wp-content\/uploads\/2023\/10\/mlodziezy-z-islandzkiego-Akureyri-w-Jeleniej-Gorze-2023-6-1024x461.jpg 1024w, https:\/\/rozwojlokalny.jeleniagora.pl\/wp-content\/uploads\/2023\/10\/mlodziezy-z-islandzkiego-Akureyri-w-Jeleniej-Gorze-2023-6-300x135.jpg 300w, https:\/\/rozwojlokalny.jeleniagora.pl\/wp-content\/uploads\/2023\/10\/mlodziezy-z-islandzkiego-Akureyri-w-Jeleniej-Gorze-2023-6-768x346.jpg 768w, https:\/\/rozwojlokalny.jeleniagora.pl\/wp-content\/uploads\/2023\/10\/mlodziezy-z-islandzkiego-Akureyri-w-Jeleniej-Gorze-2023-6-18x8.jpg 18w, https:\/\/rozwojlokalny.jeleniagora.pl\/wp-content\/uploads\/2023\/10\/mlodziezy-z-islandzkiego-Akureyri-w-Jeleniej-Gorze-2023-6.jpg 1482w\" sizes=\"(max-width: 1024px) 100vw, 1024px\" \/><\/a><\/figure>\n\n\n\n<figure class=\"wp-block-image size-large\"><a href=\"https:\/\/rozwojlokalny.jeleniagora.pl\/wp-content\/uploads\/2023\/10\/mlodziezy-z-islandzkiego-Akureyri-w-Jeleniej-Gorze-2023-7.jpg\"><img decoding=\"async\" loading=\"lazy\" width=\"1024\" height=\"461\" data-id=\"1384\"  src=\"https:\/\/rozwojlokalny.jeleniagora.pl\/wp-content\/uploads\/2023\/10\/mlodziezy-z-islandzkiego-Akureyri-w-Jeleniej-Gorze-2023-7-1024x461.jpg\" alt=\"\" class=\"wp-image-1384\" srcset=\"https:\/\/rozwojlokalny.jeleniagora.pl\/wp-content\/uploads\/2023\/10\/mlodziezy-z-islandzkiego-Akureyri-w-Jeleniej-Gorze-2023-7-1024x461.jpg 1024w, https:\/\/rozwojlokalny.jeleniagora.pl\/wp-content\/uploads\/2023\/10\/mlodziezy-z-islandzkiego-Akureyri-w-Jeleniej-Gorze-2023-7-300x135.jpg 300w, https:\/\/rozwojlokalny.jeleniagora.pl\/wp-content\/uploads\/2023\/10\/mlodziezy-z-islandzkiego-Akureyri-w-Jeleniej-Gorze-2023-7-768x346.jpg 768w, https:\/\/rozwojlokalny.jeleniagora.pl\/wp-content\/uploads\/2023\/10\/mlodziezy-z-islandzkiego-Akureyri-w-Jeleniej-Gorze-2023-7-18x8.jpg 18w, https:\/\/rozwojlokalny.jeleniagora.pl\/wp-content\/uploads\/2023\/10\/mlodziezy-z-islandzkiego-Akureyri-w-Jeleniej-Gorze-2023-7.jpg 1482w\" sizes=\"(max-width: 1024px) 100vw, 1024px\" \/><\/a><\/figure>\n<\/figure>","protected":false},"excerpt":{"rendered":"<p>W dniach od 28 wrze\u015bnia do 2 pa\u017adziernika 2023 r. w Jeleniej G\u00f3rze go\u015bci\u0142a 10 osobowa grupa m\u0142odych ludzi z islandzkiego miasta Akureyri wraz z opiekunami. Wizyta zosta\u0142a zorganizowana w ramach wsp\u00f3\u0142pracy mi\u0119dzynarodowej w projekcie \u201e\u017byj, mieszkaj, pracuj w Jeleniej G\u00f3rze!\u201d. Islandzka m\u0142odzie\u017c wraz z uczniami jeleniog\u00f3rskich szk\u00f3\u0142 \u015brednich, kt\u00f3rzy uczestniczyli w wizycie w Akureyri [&hellip;]<\/p>","protected":false},"author":1,"featured_media":1337,"comment_status":"closed","ping_status":"closed","sticky":false,"template":"","format":"standard","meta":{"_uag_custom_page_level_css":""},"categories":[16,18],"tags":[],"views":47,"uagb_featured_image_src":{"full":["https:\/\/rozwojlokalny.jeleniagora.pl\/wp-content\/uploads\/2023\/10\/mlodziez-z-Akureyri-w-Jeleniej-Gorze-1.jpg",1600,886,false],"thumbnail":["https:\/\/rozwojlokalny.jeleniagora.pl\/wp-content\/uploads\/2023\/10\/mlodziez-z-Akureyri-w-Jeleniej-Gorze-1-150x150.jpg",150,150,true],"medium":["https:\/\/rozwojlokalny.jeleniagora.pl\/wp-content\/uploads\/2023\/10\/mlodziez-z-Akureyri-w-Jeleniej-Gorze-1-300x166.jpg",300,166,true],"medium_large":["https:\/\/rozwojlokalny.jeleniagora.pl\/wp-content\/uploads\/2023\/10\/mlodziez-z-Akureyri-w-Jeleniej-Gorze-1-768x425.jpg",768,425,true],"large":["https:\/\/rozwojlokalny.jeleniagora.pl\/wp-content\/uploads\/2023\/10\/mlodziez-z-Akureyri-w-Jeleniej-Gorze-1-1024x567.jpg",1024,567,true],"1536x1536":["https:\/\/rozwojlokalny.jeleniagora.pl\/wp-content\/uploads\/2023\/10\/mlodziez-z-Akureyri-w-Jeleniej-Gorze-1-1536x851.jpg",1536,851,true],"2048x2048":["https:\/\/rozwojlokalny.jeleniagora.pl\/wp-content\/uploads\/2023\/10\/mlodziez-z-Akureyri-w-Jeleniej-Gorze-1.jpg",1600,886,false],"trp-custom-language-flag":["https:\/\/rozwojlokalny.jeleniagora.pl\/wp-content\/uploads\/2023\/10\/mlodziez-z-Akureyri-w-Jeleniej-Gorze-1-18x10.jpg",18,10,true]},"uagb_author_info":{"display_name":"Admin","author_link":"https:\/\/rozwojlokalny.jeleniagora.pl\/en\/author\/admin\/"},"uagb_comment_info":0,"uagb_excerpt":"W dniach od 28 wrze\u015bnia do 2 pa\u017adziernika 2023 r. w Jeleniej G\u00f3rze go\u015bci\u0142a 10 osobowa grupa m\u0142odych ludzi z islandzkiego miasta Akureyri wraz z opiekunami. Wizyta zosta\u0142a zorganizowana w ramach wsp\u00f3\u0142pracy mi\u0119dzynarodowej w projekcie \u201e\u017byj, mieszkaj, pracuj w Jeleniej G\u00f3rze!\u201d. Islandzka m\u0142odzie\u017c wraz z uczniami jeleniog\u00f3rskich szk\u00f3\u0142 \u015brednich, kt\u00f3rzy uczestniczyli w wizycie w Akureyri&hellip;","_links":{"self":[{"href":"https:\/\/rozwojlokalny.jeleniagora.pl\/en\/wp-json\/wp\/v2\/posts\/1333"}],"collection":[{"href":"https:\/\/rozwojlokalny.jeleniagora.pl\/en\/wp-json\/wp\/v2\/posts"}],"about":[{"href":"https:\/\/rozwojlokalny.jeleniagora.pl\/en\/wp-json\/wp\/v2\/types\/post"}],"author":[{"embeddable":true,"href":"https:\/\/rozwojlokalny.jeleniagora.pl\/en\/wp-json\/wp\/v2\/users\/1"}],"replies":[{"embeddable":true,"href":"https:\/\/rozwojlokalny.jeleniagora.pl\/en\/wp-json\/wp\/v2\/comments?post=1333"}],"version-history":[{"count":7,"href":"https:\/\/rozwojlokalny.jeleniagora.pl\/en\/wp-json\/wp\/v2\/posts\/1333\/revisions"}],"predecessor-version":[{"id":1435,"href":"https:\/\/rozwojlokalny.jeleniagora.pl\/en\/wp-json\/wp\/v2\/posts\/1333\/revisions\/1435"}],"wp:featuredmedia":[{"embeddable":true,"href":"https:\/\/rozwojlokalny.jeleniagora.pl\/en\/wp-json\/wp\/v2\/media\/1337"}],"wp:attachment":[{"href":"https:\/\/rozwojlokalny.jeleniagora.pl\/en\/wp-json\/wp\/v2\/media?parent=1333"}],"wp:term":[{"taxonomy":"category","embeddable":true,"href":"https:\/\/rozwojlokalny.jeleniagora.pl\/en\/wp-json\/wp\/v2\/categories?post=1333"},{"taxonomy":"post_tag","embeddable":true,"href":"https:\/\/rozwojlokalny.jeleniagora.pl\/en\/wp-json\/wp\/v2\/tags?post=1333"}],"curies":[{"name":"wp","href":"https:\/\/api.w.org\/{rel}","templated":true}]}}